{"id":7700,"date":"2026-03-18T15:00:23","date_gmt":"2026-03-18T15:00:23","guid":{"rendered":"https:\/\/cirionpressstg.wpenginepowered.com\/?p=7700"},"modified":"2026-03-19T21:25:37","modified_gmt":"2026-03-19T21:25:37","slug":"redefine-lideranca-fortalecer-infraestrutura-america-latina","status":"publish","type":"post","link":"https:\/\/press.ciriontechnologies.com\/pt-br\/2026\/03\/18\/redefine-lideranca-fortalecer-infraestrutura-america-latina\/","title":{"rendered":"Cirion redefine sua lideran\u00e7a para fortalecer a infraestrutura cr\u00edtica da Am\u00e9rica Latina"},"content":{"rendered":"<ul>\n<li>A reestrutura\u00e7\u00e3o da lideran\u00e7a da Cirion busca transformar a opera\u00e7\u00e3o empresarial na Am\u00e9rica Latina, fortalecendo a infraestrutura cr\u00edtica e preparando-a para o futuro.<\/li>\n<li>A equipe executiva da Cirion se destaca pela diversidade e experi\u00eancia, com membros da <strong>Col\u00f4mbia (4), Estados Unidos (3), Argentina (3), Brasil (1) e Nicar\u00e1gua (1).<\/strong> Essa diversidade traz uma vis\u00e3o global e execu\u00e7\u00e3o especializada em cada mercado.<\/li>\n<li>A companhia evolui seu modelo de talento e lideran\u00e7a, promovendo uma cultura de alto desempenho, responsabilidade e colabora\u00e7\u00e3o para acelerar sua estrat\u00e9gia e crescimento regional.<\/li>\n<\/ul>\n<p>&nbsp;<\/p>\n<p><strong>LATAM, quarta-feira, 18 de mar\u00e7o de 2026. <\/strong>A Cirion Technologies anunciou uma reestrutura\u00e7\u00e3o estrat\u00e9gica de sua equipe executiva para consolidar sua posi\u00e7\u00e3o como a principal rede Tier 1 da regi\u00e3o. Diante da crescente import\u00e2ncia da infraestrutura digital na economia, essa nova estrutura busca agilizar a tomada de decis\u00f5es e fortalecer a integra\u00e7\u00e3o dos mercados-chave em um ambiente de alta demanda.<\/p>\n<p><em><a href=\"https:\/\/press.ciriontechnologies.com\/wp-content\/uploads\/2026\/03\/Cirion-Executive-Leadership-Team-press-1-300x200.jpg\" target=\"_blank\" rel=\"noopener\"><img loading=\"lazy\" decoding=\"async\" class=\"alignleft wp-image-7698 size-medium\" title=\"Foto da esquerda para a derecha: Valeria Plastino, Timothy Medina, Santiago Londo\u00f1o, Augusto Salomon, Diego Mahecha, Paul Choiseul, Barrett MacCheyne. Mar\u00eda Claudia Rey, Daniel Peiretti, Juanita Bejarano, Pablo Y\u00e1\u00f1ez.\" src=\"https:\/\/press.ciriontechnologies.com\/wp-content\/uploads\/2026\/03\/Cirion-Executive-Leadership-Team-press-1-300x200.jpg\" alt=\"\" width=\"300\" height=\"200\" \/><\/a>\u201cEsta \u00e9 uma nova Cirion. Reorganizamos nossa lideran\u00e7a para avan\u00e7ar com mais agilidade: tomar decis\u00f5es mais r\u00e1pidas, integrar a opera\u00e7\u00e3o regional e elevar o desempenho da nossa <strong>rede Tier 1<\/strong> e da nossa plataforma de <strong>data centers<\/strong> interconectados. Com isso, viabilizamos cargas de <strong>IA<\/strong> e nuvem com menor lat\u00eancia, maior capacidade e mais resili\u00eancia para nossos clientes em toda a Am\u00e9rica Latina\u201d, afirmou <strong>Santiago Londo\u00f1o, CEO do neg\u00f3cio de Conectividade da Cirion Technologies<\/strong>.<\/em><\/p>\n<p>Por sua vez, <strong>Juanita Bejarano, Vice-Presidente S\u00eanior de Recursos Humanos para a Am\u00e9rica Latina da Cirion Technologies<\/strong>, destacou: \u201cEm 2026, nossa cultura ser\u00e1 centrada no cliente, orientada \u00e0 execu\u00e7\u00e3o e baseada na colabora\u00e7\u00e3o. Capacitamos nossas equipes para tomar decis\u00f5es e simplificar processos, para que cada plano se traduza em resultados concretos como crescimento, excel\u00eancia de rede, transforma\u00e7\u00e3o digital e efici\u00eancia operacional em toda a regi\u00e3o.\u201d<\/p>\n<p>Com crescimento projetado de 60% da nuvem na regi\u00e3o at\u00e9 2030, a Cirion adapta sua estrutura para garantir que sua rede de mais de 105.000 km de fibra e seus data centers operem sob uma vis\u00e3o unificada de excel\u00eancia e resili\u00eancia. Em um cen\u00e1rio no qual outros players globais tamb\u00e9m refor\u00e7am sua lideran\u00e7a regional e consolidam opera\u00e7\u00f5es para atender \u00e0 demanda, a Cirion se diferencia ao priorizar a integra\u00e7\u00e3o de mercados-chave em uma \u00fanica plataforma de servi\u00e7os e gest\u00e3o. Essa tend\u00eancia responde \u00e0 necessidade de infraestruturas cada vez mais robustas e \u00e1geis, alinhadas \u00e0s melhores pr\u00e1ticas observadas em grandes operadores internacionais. Equipe Executiva que reporta \u00e0 Presid\u00eancia:<\/p>\n<ul>\n<li><strong>Santiago Londo\u00f1o (Col\u00f4mbia):<\/strong> CEO do neg\u00f3cio de Conectividade<\/li>\n<li><strong>Nelson Fonseca (Estados Unidos):<\/strong> CEO do neg\u00f3cio de Data Centers<\/li>\n<li><strong>Mar\u00eda Claudia Rey (Col\u00f4mbia):<\/strong> Presidente do Cluster Norte (M\u00e9xico, Costa Rica, Panam\u00e1, Col\u00f4mbia, Venezuela, Caribe e Equador)<\/li>\n<li><strong>Augusto Salomon (Brasil):<\/strong> Presidente de Conectividade no Brasil<\/li>\n<li><strong>Pablo Y\u00e1\u00f1ez (Argentina):<\/strong> Presidente do Cluster Sul (Argentina, Peru e Chile)<\/li>\n<li><strong>Juanita Bejarano (Col\u00f4mbia):<\/strong> SVP HR LATAM (vice-presidente s\u00eanior de Recursos Humanos para LATAM)<\/li>\n<li><strong>Diego Mahecha (Col\u00f4mbia):<\/strong> SVP, Corporate Development (vice-presidente s\u00eanior de Desenvolvimento Corporativo)<\/li>\n<li><strong>Valeria Plastino (Argentina):<\/strong> SVP, General Counsel &amp; Chief Compliance Officer (vice-presidente s\u00eanior de assuntos Jur\u00eddico e Compliance)<\/li>\n<li><strong>Daniel Peiretti (Argentina):<\/strong> SVP, Products and Customer Success (vice-presidente s\u00eanior de Produtos e Customer Success)<\/li>\n<li><strong>Paul Choiseul (Nicar\u00e1gua):<\/strong> CTIO Chief Technology &amp; Information Officer \u2013 Tecnologia, IA e Opera\u00e7\u00f5es<\/li>\n<li><strong>Timothy Medina (Estados Unidos):<\/strong> CFO Chief Financial Officer Cirion LATAM<\/li>\n<li><strong>Barrett (Barry) MacCheyne (Estados Unidos):<\/strong> SVP, Global Sales (vice-presidente s\u00eanior de Vendas Globais)<\/li>\n<\/ul>\n<p>&nbsp;<\/p>\n<p>Com essa nova lideran\u00e7a e uma cultura centrada no cliente, na execu\u00e7\u00e3o e na colabora\u00e7\u00e3o, a Cirion entra em 2026 focada em crescimento, excel\u00eancia de rede e transforma\u00e7\u00e3o digital eficiente. A empresa seguir\u00e1 fortalecendo sua infraestrutura, que inclui mais de 105.000 km de fibra e um ecossistema robusto de data centers, para acompanhar o crescimento da nuvem e dos servi\u00e7os digitais na Am\u00e9rica Latina.<\/p>\n<p>&nbsp;<\/p>\n<p><span style=\"font-size: 11px;\">Foto da esquerda para a derecha: Valeria Plastino, Timothy Medina, Santiago Londo\u00f1o, Augusto Salomon, Diego Mahecha, Paul Choiseul, Barrett MacCheyne. Mar\u00eda Claudia Rey, Daniel Peiretti, Juanita Bejarano, Pablo Y\u00e1\u00f1ez.<\/span><\/p>\n<h3><strong>Sobre a Cirion<\/strong><\/h3>\n<p><span style=\"font-size: 11px;\">A Cirion Technologies \u00e9 uma empresa provedora l\u00edder de infraestrutura digital na Am\u00e9rica Latina, especializada em solu\u00e7\u00f5es de conectividade e data center para empresas, operadoras, hyperscalers e governos. A companhia opera uma das plataformas mais robustas e extensas da regi\u00e3o, com <strong>mais de 105.000 km de fibra em 20 pa\u00edses<\/strong>, incluindo aproximadamente <strong>50.433 km de rede submarina<\/strong>, <strong>mais de 32.500 km de rede terrestre de longa dist\u00e2ncia e cerca de 22.000 km de redes metropolitanas<\/strong>.<\/span><\/p>\n<p><span style=\"font-size: 11px;\">Sua rede conta com <strong>18 landing stations<\/strong> e suporta <strong>6 sistemas submarinos internacionais<\/strong>, consolidando uma infraestrutura de alcance regional com padr\u00f5es globais. Al\u00e9m disso, a Cirion opera uma plataforma de <strong>data centers carrier-neutral em 7 pa\u00edses da Am\u00e9rica Latina<\/strong>, com <strong>dois novos centros em fase final de constru\u00e7\u00e3o (SAN2 e LIM2) e um pr\u00f3ximo projeto (RIO2).<\/strong> Seu ecossistema inclui <strong>mais de 4.900 cross-<\/strong>connections, mais de 100 carriers e provedores conectados, e 7 cloud on-ramps, viabilizando um ambiente digital altamente interconectado. Essa infraestrutura integrada permite oferecer solu\u00e7\u00f5es completas de <strong>conectividade <\/strong>(IP VPN, Ethernet, Wavelength, Dark Fiber, Internet, SASE) e um portf\u00f3lio de <strong>Data Center<\/strong> estruturado nos pilares <strong>Core, Compute, Manage e Connect<\/strong>. A oferta inclui colocation de alta densidade (at\u00e9 140 kW por rack), bare metal, cloud privado, infraestrutura preparada para IA e servi\u00e7os gerenciados com opera\u00e7\u00e3o 24x7x365.<\/span><\/p>\n<p><strong>Contato Cirion Press<\/strong> <a href=\"mailto:Press@ciriontechnologies.com\">Press@ciriontechnologies.com<\/a><\/p>\n<p><strong>Siga-nos em nossas Redes Sociais<\/strong>\u00a0<a href=\"https:\/\/www.linkedin.com\/company\/ciriontechnologies\/\">LinkedIn<\/a> | <a href=\"https:\/\/www.instagram.com\/cirionbrasil\/\">Instagram<\/a>\u00a0|\u00a0<a href=\"https:\/\/www.youtube.com\/@ciriontechnologies\">YouTube<\/a><\/p>\n","protected":false},"excerpt":{"rendered":"<p>A reestrutura\u00e7\u00e3o da lideran\u00e7a da Cirion busca transformar a opera\u00e7\u00e3o empresarial na Am\u00e9rica Latina, fortalecendo a infraestrutura cr\u00edtica e preparando-a para o futuro. A equipe executiva da Cirion se destaca pela diversidade e experi\u00eancia, com membros da Col\u00f4mbia (4), Estados Unidos (3), Argentina (3), Brasil (1) e Nicar\u00e1gua (1). Essa diversidade traz uma vis\u00e3o global [&hellip;]<\/p>\n","protected":false},"author":3,"featured_media":7689,"comment_status":"closed","ping_status":"closed","sticky":false,"template":"","format":"standard","meta":{"_acf_changed":false,"_et_pb_use_builder":"","_et_pb_old_content":"","_et_gb_content_width":"","_monsterinsights_skip_tracking":false,"_monsterinsights_sitenote_active":false,"_monsterinsights_sitenote_note":"","_monsterinsights_sitenote_category":0,"footnotes":""},"categories":[358,72],"tags":[90],"idioma_entrada":[95],"anio_publicacion_entrada":[416],"class_list":["post-7700","post","type-post","status-publish","format-standard","has-post-thumbnail","hentry","category-destacados","category-latam-2","tag-release-2","idioma_entrada-espanol","anio_publicacion_entrada-416"],"acf":[],"yoast_head":"<!-- This site is optimized with the Yoast SEO plugin v27.5 - https:\/\/yoast.com\/product\/yoast-seo-wordpress\/ -->\n<title>Cirion redefine sua lideran\u00e7a para fortalecer a infraestrutura cr\u00edtica<\/title>\n<meta name=\"description\" content=\"Reestrutura\u00e7\u00e3o da lideran\u00e7a da Cirion busca transformar a opera\u00e7\u00e3o empresarial na Am\u00e9rica Latina, fortalecendo a infraestrutura cr\u00edtica\" \/>\n<meta name=\"robots\" content=\"index, follow, max-snippet:-1, max-image-preview:large, max-video-preview:-1\" \/>\n<link rel=\"canonical\" href=\"https:\/\/press.ciriontechnologies.com\/pt-br\/2026\/03\/18\/redefine-lideranca-fortalecer-infraestrutura-america-latina\/\" \/>\n<meta property=\"og:locale\" content=\"pt_BR\" \/>\n<meta property=\"og:type\" content=\"article\" \/>\n<meta property=\"og:title\" content=\"Cirion redefine sua lideran\u00e7a para fortalecer a infraestrutura cr\u00edtica\" \/>\n<meta property=\"og:description\" content=\"Reestrutura\u00e7\u00e3o da lideran\u00e7a da Cirion busca transformar a opera\u00e7\u00e3o empresarial na Am\u00e9rica Latina, fortalecendo a infraestrutura cr\u00edtica\" \/>\n<meta property=\"og:url\" content=\"https:\/\/press.ciriontechnologies.com\/pt-br\/2026\/03\/18\/redefine-lideranca-fortalecer-infraestrutura-america-latina\/\" \/>\n<meta property=\"og:site_name\" content=\"Cirion Technologies\" \/>\n<meta property=\"article:published_time\" content=\"2026-03-18T15:00:23+00:00\" \/>\n<meta property=\"article:modified_time\" content=\"2026-03-19T21:25:37+00:00\" \/>\n<meta property=\"og:image\" content=\"https:\/\/press.ciriontechnologies.com\/wp-content\/uploads\/2026\/03\/cirion-banner-press-sin-logo1080x720.jpg\" \/>\n\t<meta property=\"og:image:width\" content=\"1080\" \/>\n\t<meta property=\"og:image:height\" content=\"720\" \/>\n\t<meta property=\"og:image:type\" content=\"image\/jpeg\" \/>\n<meta name=\"author\" content=\"Cristina Mello\" \/>\n<meta name=\"twitter:card\" content=\"summary_large_image\" \/>\n<meta name=\"twitter:label1\" content=\"Escrito por\" \/>\n\t<meta name=\"twitter:data1\" content=\"Cristina Mello\" \/>\n\t<meta name=\"twitter:label2\" content=\"Est. tempo de leitura\" \/>\n\t<meta name=\"twitter:data2\" content=\"5 minutos\" \/>\n<script type=\"application\/ld+json\" class=\"yoast-schema-graph\">{\"@context\":\"https:\\\/\\\/schema.org\",\"@graph\":[{\"@type\":\"Article\",\"@id\":\"https:\\\/\\\/press.ciriontechnologies.com\\\/pt-br\\\/2026\\\/03\\\/18\\\/redefine-lideranca-fortalecer-infraestrutura-america-latina\\\/#article\",\"isPartOf\":{\"@id\":\"https:\\\/\\\/press.ciriontechnologies.com\\\/pt-br\\\/2026\\\/03\\\/18\\\/redefine-lideranca-fortalecer-infraestrutura-america-latina\\\/\"},\"author\":{\"name\":\"Cristina Mello\",\"@id\":\"https:\\\/\\\/press.ciriontechnologies.com\\\/pt-br\\\/#\\\/schema\\\/person\\\/a810eb0a0c370b2f8068ffa61d86c473\"},\"headline\":\"Cirion redefine sua lideran\u00e7a para fortalecer a infraestrutura cr\u00edtica da Am\u00e9rica Latina\",\"datePublished\":\"2026-03-18T15:00:23+00:00\",\"dateModified\":\"2026-03-19T21:25:37+00:00\",\"mainEntityOfPage\":{\"@id\":\"https:\\\/\\\/press.ciriontechnologies.com\\\/pt-br\\\/2026\\\/03\\\/18\\\/redefine-lideranca-fortalecer-infraestrutura-america-latina\\\/\"},\"wordCount\":945,\"publisher\":{\"@id\":\"https:\\\/\\\/press.ciriontechnologies.com\\\/pt-br\\\/#organization\"},\"image\":{\"@id\":\"https:\\\/\\\/press.ciriontechnologies.com\\\/pt-br\\\/2026\\\/03\\\/18\\\/redefine-lideranca-fortalecer-infraestrutura-america-latina\\\/#primaryimage\"},\"thumbnailUrl\":\"https:\\\/\\\/press.ciriontechnologies.com\\\/wp-content\\\/uploads\\\/2026\\\/03\\\/cirion-banner-press-sin-logo1080x720.jpg\",\"keywords\":[\"Release\"],\"articleSection\":[\"Destacados\",\"LATAM\"],\"inLanguage\":\"pt-BR\"},{\"@type\":\"WebPage\",\"@id\":\"https:\\\/\\\/press.ciriontechnologies.com\\\/pt-br\\\/2026\\\/03\\\/18\\\/redefine-lideranca-fortalecer-infraestrutura-america-latina\\\/\",\"url\":\"https:\\\/\\\/press.ciriontechnologies.com\\\/pt-br\\\/2026\\\/03\\\/18\\\/redefine-lideranca-fortalecer-infraestrutura-america-latina\\\/\",\"name\":\"Cirion redefine sua lideran\u00e7a para fortalecer a infraestrutura cr\u00edtica\",\"isPartOf\":{\"@id\":\"https:\\\/\\\/press.ciriontechnologies.com\\\/pt-br\\\/#website\"},\"primaryImageOfPage\":{\"@id\":\"https:\\\/\\\/press.ciriontechnologies.com\\\/pt-br\\\/2026\\\/03\\\/18\\\/redefine-lideranca-fortalecer-infraestrutura-america-latina\\\/#primaryimage\"},\"image\":{\"@id\":\"https:\\\/\\\/press.ciriontechnologies.com\\\/pt-br\\\/2026\\\/03\\\/18\\\/redefine-lideranca-fortalecer-infraestrutura-america-latina\\\/#primaryimage\"},\"thumbnailUrl\":\"https:\\\/\\\/press.ciriontechnologies.com\\\/wp-content\\\/uploads\\\/2026\\\/03\\\/cirion-banner-press-sin-logo1080x720.jpg\",\"datePublished\":\"2026-03-18T15:00:23+00:00\",\"dateModified\":\"2026-03-19T21:25:37+00:00\",\"description\":\"Reestrutura\u00e7\u00e3o da lideran\u00e7a da Cirion busca transformar a opera\u00e7\u00e3o empresarial na Am\u00e9rica Latina, fortalecendo a infraestrutura cr\u00edtica\",\"breadcrumb\":{\"@id\":\"https:\\\/\\\/press.ciriontechnologies.com\\\/pt-br\\\/2026\\\/03\\\/18\\\/redefine-lideranca-fortalecer-infraestrutura-america-latina\\\/#breadcrumb\"},\"inLanguage\":\"pt-BR\",\"potentialAction\":[{\"@type\":\"ReadAction\",\"target\":[\"https:\\\/\\\/press.ciriontechnologies.com\\\/pt-br\\\/2026\\\/03\\\/18\\\/redefine-lideranca-fortalecer-infraestrutura-america-latina\\\/\"]}]},{\"@type\":\"ImageObject\",\"inLanguage\":\"pt-BR\",\"@id\":\"https:\\\/\\\/press.ciriontechnologies.com\\\/pt-br\\\/2026\\\/03\\\/18\\\/redefine-lideranca-fortalecer-infraestrutura-america-latina\\\/#primaryimage\",\"url\":\"https:\\\/\\\/press.ciriontechnologies.com\\\/wp-content\\\/uploads\\\/2026\\\/03\\\/cirion-banner-press-sin-logo1080x720.jpg\",\"contentUrl\":\"https:\\\/\\\/press.ciriontechnologies.com\\\/wp-content\\\/uploads\\\/2026\\\/03\\\/cirion-banner-press-sin-logo1080x720.jpg\",\"width\":1080,\"height\":720},{\"@type\":\"BreadcrumbList\",\"@id\":\"https:\\\/\\\/press.ciriontechnologies.com\\\/pt-br\\\/2026\\\/03\\\/18\\\/redefine-lideranca-fortalecer-infraestrutura-america-latina\\\/#breadcrumb\",\"itemListElement\":[{\"@type\":\"ListItem\",\"position\":1,\"name\":\"Home\",\"item\":\"https:\\\/\\\/press.ciriontechnologies.com\\\/pt-br\\\/\"},{\"@type\":\"ListItem\",\"position\":2,\"name\":\"Cirion redefine sua lideran\u00e7a para fortalecer a infraestrutura cr\u00edtica da Am\u00e9rica Latina\"}]},{\"@type\":\"WebSite\",\"@id\":\"https:\\\/\\\/press.ciriontechnologies.com\\\/pt-br\\\/#website\",\"url\":\"https:\\\/\\\/press.ciriontechnologies.com\\\/pt-br\\\/\",\"name\":\"Cirion Technologies\",\"description\":\"Pressroom\",\"publisher\":{\"@id\":\"https:\\\/\\\/press.ciriontechnologies.com\\\/pt-br\\\/#organization\"},\"potentialAction\":[{\"@type\":\"SearchAction\",\"target\":{\"@type\":\"EntryPoint\",\"urlTemplate\":\"https:\\\/\\\/press.ciriontechnologies.com\\\/pt-br\\\/?s={search_term_string}\"},\"query-input\":{\"@type\":\"PropertyValueSpecification\",\"valueRequired\":true,\"valueName\":\"search_term_string\"}}],\"inLanguage\":\"pt-BR\"},{\"@type\":\"Organization\",\"@id\":\"https:\\\/\\\/press.ciriontechnologies.com\\\/pt-br\\\/#organization\",\"name\":\"Cirion Technologies\",\"url\":\"https:\\\/\\\/press.ciriontechnologies.com\\\/pt-br\\\/\",\"logo\":{\"@type\":\"ImageObject\",\"inLanguage\":\"pt-BR\",\"@id\":\"https:\\\/\\\/press.ciriontechnologies.com\\\/pt-br\\\/#\\\/schema\\\/logo\\\/image\\\/\",\"url\":\"https:\\\/\\\/press.ciriontechnologies.com\\\/wp-content\\\/uploads\\\/2024\\\/07\\\/Cirion_logo_696x696.jpg\",\"contentUrl\":\"https:\\\/\\\/press.ciriontechnologies.com\\\/wp-content\\\/uploads\\\/2024\\\/07\\\/Cirion_logo_696x696.jpg\",\"width\":696,\"height\":696,\"caption\":\"Cirion Technologies\"},\"image\":{\"@id\":\"https:\\\/\\\/press.ciriontechnologies.com\\\/pt-br\\\/#\\\/schema\\\/logo\\\/image\\\/\"}},{\"@type\":\"Person\",\"@id\":\"https:\\\/\\\/press.ciriontechnologies.com\\\/pt-br\\\/#\\\/schema\\\/person\\\/a810eb0a0c370b2f8068ffa61d86c473\",\"name\":\"Cristina Mello\",\"image\":{\"@type\":\"ImageObject\",\"inLanguage\":\"pt-BR\",\"@id\":\"https:\\\/\\\/secure.gravatar.com\\\/avatar\\\/342261e31fbe63c5c5d3ed799372db2e8448673ffccbbe240822e8eb3ed7e206?s=96&d=mm&r=g\",\"url\":\"https:\\\/\\\/secure.gravatar.com\\\/avatar\\\/342261e31fbe63c5c5d3ed799372db2e8448673ffccbbe240822e8eb3ed7e206?s=96&d=mm&r=g\",\"contentUrl\":\"https:\\\/\\\/secure.gravatar.com\\\/avatar\\\/342261e31fbe63c5c5d3ed799372db2e8448673ffccbbe240822e8eb3ed7e206?s=96&d=mm&r=g\",\"caption\":\"Cristina Mello\"}}]}<\/script>\n<!-- \/ Yoast SEO plugin. -->","yoast_head_json":{"title":"Cirion redefine sua lideran\u00e7a para fortalecer a infraestrutura cr\u00edtica","description":"Reestrutura\u00e7\u00e3o da lideran\u00e7a da Cirion busca transformar a opera\u00e7\u00e3o empresarial na Am\u00e9rica Latina, fortalecendo a infraestrutura cr\u00edtica","robots":{"index":"index","follow":"follow","max-snippet":"max-snippet:-1","max-image-preview":"max-image-preview:large","max-video-preview":"max-video-preview:-1"},"canonical":"https:\/\/press.ciriontechnologies.com\/pt-br\/2026\/03\/18\/redefine-lideranca-fortalecer-infraestrutura-america-latina\/","og_locale":"pt_BR","og_type":"article","og_title":"Cirion redefine sua lideran\u00e7a para fortalecer a infraestrutura cr\u00edtica","og_description":"Reestrutura\u00e7\u00e3o da lideran\u00e7a da Cirion busca transformar a opera\u00e7\u00e3o empresarial na Am\u00e9rica Latina, fortalecendo a infraestrutura cr\u00edtica","og_url":"https:\/\/press.ciriontechnologies.com\/pt-br\/2026\/03\/18\/redefine-lideranca-fortalecer-infraestrutura-america-latina\/","og_site_name":"Cirion Technologies","article_published_time":"2026-03-18T15:00:23+00:00","article_modified_time":"2026-03-19T21:25:37+00:00","og_image":[{"width":1080,"height":720,"url":"https:\/\/press.ciriontechnologies.com\/wp-content\/uploads\/2026\/03\/cirion-banner-press-sin-logo1080x720.jpg","type":"image\/jpeg"}],"author":"Cristina Mello","twitter_card":"summary_large_image","twitter_misc":{"Escrito por":"Cristina Mello","Est. tempo de leitura":"5 minutos"},"schema":{"@context":"https:\/\/schema.org","@graph":[{"@type":"Article","@id":"https:\/\/press.ciriontechnologies.com\/pt-br\/2026\/03\/18\/redefine-lideranca-fortalecer-infraestrutura-america-latina\/#article","isPartOf":{"@id":"https:\/\/press.ciriontechnologies.com\/pt-br\/2026\/03\/18\/redefine-lideranca-fortalecer-infraestrutura-america-latina\/"},"author":{"name":"Cristina Mello","@id":"https:\/\/press.ciriontechnologies.com\/pt-br\/#\/schema\/person\/a810eb0a0c370b2f8068ffa61d86c473"},"headline":"Cirion redefine sua lideran\u00e7a para fortalecer a infraestrutura cr\u00edtica da Am\u00e9rica Latina","datePublished":"2026-03-18T15:00:23+00:00","dateModified":"2026-03-19T21:25:37+00:00","mainEntityOfPage":{"@id":"https:\/\/press.ciriontechnologies.com\/pt-br\/2026\/03\/18\/redefine-lideranca-fortalecer-infraestrutura-america-latina\/"},"wordCount":945,"publisher":{"@id":"https:\/\/press.ciriontechnologies.com\/pt-br\/#organization"},"image":{"@id":"https:\/\/press.ciriontechnologies.com\/pt-br\/2026\/03\/18\/redefine-lideranca-fortalecer-infraestrutura-america-latina\/#primaryimage"},"thumbnailUrl":"https:\/\/press.ciriontechnologies.com\/wp-content\/uploads\/2026\/03\/cirion-banner-press-sin-logo1080x720.jpg","keywords":["Release"],"articleSection":["Destacados","LATAM"],"inLanguage":"pt-BR"},{"@type":"WebPage","@id":"https:\/\/press.ciriontechnologies.com\/pt-br\/2026\/03\/18\/redefine-lideranca-fortalecer-infraestrutura-america-latina\/","url":"https:\/\/press.ciriontechnologies.com\/pt-br\/2026\/03\/18\/redefine-lideranca-fortalecer-infraestrutura-america-latina\/","name":"Cirion redefine sua lideran\u00e7a para fortalecer a infraestrutura cr\u00edtica","isPartOf":{"@id":"https:\/\/press.ciriontechnologies.com\/pt-br\/#website"},"primaryImageOfPage":{"@id":"https:\/\/press.ciriontechnologies.com\/pt-br\/2026\/03\/18\/redefine-lideranca-fortalecer-infraestrutura-america-latina\/#primaryimage"},"image":{"@id":"https:\/\/press.ciriontechnologies.com\/pt-br\/2026\/03\/18\/redefine-lideranca-fortalecer-infraestrutura-america-latina\/#primaryimage"},"thumbnailUrl":"https:\/\/press.ciriontechnologies.com\/wp-content\/uploads\/2026\/03\/cirion-banner-press-sin-logo1080x720.jpg","datePublished":"2026-03-18T15:00:23+00:00","dateModified":"2026-03-19T21:25:37+00:00","description":"Reestrutura\u00e7\u00e3o da lideran\u00e7a da Cirion busca transformar a opera\u00e7\u00e3o empresarial na Am\u00e9rica Latina, fortalecendo a infraestrutura cr\u00edtica","breadcrumb":{"@id":"https:\/\/press.ciriontechnologies.com\/pt-br\/2026\/03\/18\/redefine-lideranca-fortalecer-infraestrutura-america-latina\/#breadcrumb"},"inLanguage":"pt-BR","potentialAction":[{"@type":"ReadAction","target":["https:\/\/press.ciriontechnologies.com\/pt-br\/2026\/03\/18\/redefine-lideranca-fortalecer-infraestrutura-america-latina\/"]}]},{"@type":"ImageObject","inLanguage":"pt-BR","@id":"https:\/\/press.ciriontechnologies.com\/pt-br\/2026\/03\/18\/redefine-lideranca-fortalecer-infraestrutura-america-latina\/#primaryimage","url":"https:\/\/press.ciriontechnologies.com\/wp-content\/uploads\/2026\/03\/cirion-banner-press-sin-logo1080x720.jpg","contentUrl":"https:\/\/press.ciriontechnologies.com\/wp-content\/uploads\/2026\/03\/cirion-banner-press-sin-logo1080x720.jpg","width":1080,"height":720},{"@type":"BreadcrumbList","@id":"https:\/\/press.ciriontechnologies.com\/pt-br\/2026\/03\/18\/redefine-lideranca-fortalecer-infraestrutura-america-latina\/#breadcrumb","itemListElement":[{"@type":"ListItem","position":1,"name":"Home","item":"https:\/\/press.ciriontechnologies.com\/pt-br\/"},{"@type":"ListItem","position":2,"name":"Cirion redefine sua lideran\u00e7a para fortalecer a infraestrutura cr\u00edtica da Am\u00e9rica Latina"}]},{"@type":"WebSite","@id":"https:\/\/press.ciriontechnologies.com\/pt-br\/#website","url":"https:\/\/press.ciriontechnologies.com\/pt-br\/","name":"Cirion Technologies","description":"Pressroom","publisher":{"@id":"https:\/\/press.ciriontechnologies.com\/pt-br\/#organization"},"potentialAction":[{"@type":"SearchAction","target":{"@type":"EntryPoint","urlTemplate":"https:\/\/press.ciriontechnologies.com\/pt-br\/?s={search_term_string}"},"query-input":{"@type":"PropertyValueSpecification","valueRequired":true,"valueName":"search_term_string"}}],"inLanguage":"pt-BR"},{"@type":"Organization","@id":"https:\/\/press.ciriontechnologies.com\/pt-br\/#organization","name":"Cirion Technologies","url":"https:\/\/press.ciriontechnologies.com\/pt-br\/","logo":{"@type":"ImageObject","inLanguage":"pt-BR","@id":"https:\/\/press.ciriontechnologies.com\/pt-br\/#\/schema\/logo\/image\/","url":"https:\/\/press.ciriontechnologies.com\/wp-content\/uploads\/2024\/07\/Cirion_logo_696x696.jpg","contentUrl":"https:\/\/press.ciriontechnologies.com\/wp-content\/uploads\/2024\/07\/Cirion_logo_696x696.jpg","width":696,"height":696,"caption":"Cirion Technologies"},"image":{"@id":"https:\/\/press.ciriontechnologies.com\/pt-br\/#\/schema\/logo\/image\/"}},{"@type":"Person","@id":"https:\/\/press.ciriontechnologies.com\/pt-br\/#\/schema\/person\/a810eb0a0c370b2f8068ffa61d86c473","name":"Cristina Mello","image":{"@type":"ImageObject","inLanguage":"pt-BR","@id":"https:\/\/secure.gravatar.com\/avatar\/342261e31fbe63c5c5d3ed799372db2e8448673ffccbbe240822e8eb3ed7e206?s=96&d=mm&r=g","url":"https:\/\/secure.gravatar.com\/avatar\/342261e31fbe63c5c5d3ed799372db2e8448673ffccbbe240822e8eb3ed7e206?s=96&d=mm&r=g","contentUrl":"https:\/\/secure.gravatar.com\/avatar\/342261e31fbe63c5c5d3ed799372db2e8448673ffccbbe240822e8eb3ed7e206?s=96&d=mm&r=g","caption":"Cristina Mello"}}]}},"_links":{"self":[{"href":"https:\/\/press.ciriontechnologies.com\/pt-br\/wp-json\/wp\/v2\/posts\/7700","targetHints":{"allow":["GET"]}}],"collection":[{"href":"https:\/\/press.ciriontechnologies.com\/pt-br\/wp-json\/wp\/v2\/posts"}],"about":[{"href":"https:\/\/press.ciriontechnologies.com\/pt-br\/wp-json\/wp\/v2\/types\/post"}],"author":[{"embeddable":true,"href":"https:\/\/press.ciriontechnologies.com\/pt-br\/wp-json\/wp\/v2\/users\/3"}],"replies":[{"embeddable":true,"href":"https:\/\/press.ciriontechnologies.com\/pt-br\/wp-json\/wp\/v2\/comments?post=7700"}],"version-history":[{"count":0,"href":"https:\/\/press.ciriontechnologies.com\/pt-br\/wp-json\/wp\/v2\/posts\/7700\/revisions"}],"wp:featuredmedia":[{"embeddable":true,"href":"https:\/\/press.ciriontechnologies.com\/pt-br\/wp-json\/wp\/v2\/media\/7689"}],"wp:attachment":[{"href":"https:\/\/press.ciriontechnologies.com\/pt-br\/wp-json\/wp\/v2\/media?parent=7700"}],"wp:term":[{"taxonomy":"category","embeddable":true,"href":"https:\/\/press.ciriontechnologies.com\/pt-br\/wp-json\/wp\/v2\/categories?post=7700"},{"taxonomy":"post_tag","embeddable":true,"href":"https:\/\/press.ciriontechnologies.com\/pt-br\/wp-json\/wp\/v2\/tags?post=7700"},{"taxonomy":"idioma_entrada","embeddable":true,"href":"https:\/\/press.ciriontechnologies.com\/pt-br\/wp-json\/wp\/v2\/idioma_entrada?post=7700"},{"taxonomy":"anio_publicacion_entrada","embeddable":true,"href":"https:\/\/press.ciriontechnologies.com\/pt-br\/wp-json\/wp\/v2\/anio_publicacion_entrada?post=7700"}],"curies":[{"name":"wp","href":"https:\/\/api.w.org\/{rel}","templated":true}]}}