{"id":7014,"date":"2024-12-09T15:59:20","date_gmt":"2024-12-09T15:59:20","guid":{"rendered":"https:\/\/cirionpressstg.wpenginepowered.com\/2024\/12\/09\/expande-red-fibra-optica-mexico\/"},"modified":"2025-06-02T20:34:56","modified_gmt":"2025-06-02T20:34:56","slug":"expande-rede-fibra-optica-mexico","status":"publish","type":"post","link":"https:\/\/press.ciriontechnologies.com\/pt-br\/2024\/12\/09\/expande-rede-fibra-optica-mexico\/","title":{"rendered":"Cirion expande sua rede de fibra \u00f3ptica no M\u00e9xico conectando Quer\u00e9taro \u00e0 Cidade do M\u00e9xico"},"content":{"rendered":"<h1 style=\"text-align: center;\"><strong>Cirion expande sua rede de fibra \u00f3ptica no M\u00e9xico conectando Quer\u00e9taro \u00e0 Cidade do M\u00e9xico<\/strong><\/h1>\n<p style=\"text-align: center;\"><strong>\u00a0<\/strong><\/p>\n<p style=\"text-align: center;\"><em>Com este novo duto subterr\u00e2neo de fibra, a expans\u00e3o da infraestrutura e da rede da Cirion oferece aos clientes op\u00e7\u00f5es de conectividade mais r\u00e1pidas e melhoradas.<\/em><\/p>\n<p><strong>\u00a0<\/strong><\/p>\n<p>&nbsp;<\/p>\n<p><strong>MIAMI, FL. &#8211; <\/strong><strong>10 de dezembro de 2024 <\/strong><strong>&#8211; <\/strong><a href=\"https:\/\/www.ciriontechnologies.com\/pt-br\/\" target=\"_blank\" rel=\"noopener\">Cirion Technologies<\/a>, provedor l\u00edder de infraestrutura digital e tecnologia na Am\u00e9rica Latina, continua expandindo sua rede de fibra no M\u00e9xico, com um novo duto de fibra, preparado para IA, melhorando a conectividade entre a Cidade do M\u00e9xico e Quer\u00e9taro. Esta expans\u00e3o tem como objetivo fornecer uma infraestrutura de \u00faltima gera\u00e7\u00e3o aos nossos clientes, que requerem conectividade dedicada, infraestrutura de TI e presen\u00e7a na nuvem na regi\u00e3o.<\/p>\n<p><a href=\"https:\/\/press.ciriontechnologies.com\/wp-content\/uploads\/2024\/12\/CIRION-Network-Mexico-Map-1224-2-300x169.jpg\" target=\"_blank\" rel=\"noopener\"><img loading=\"lazy\" decoding=\"async\" class=\"alignleft wp-image-7023 size-medium\" src=\"https:\/\/press.ciriontechnologies.com\/wp-content\/uploads\/2024\/12\/CIRION-Network-Mexico-Map-1224-2-300x169.jpg\" alt=\"\" width=\"300\" height=\"169\" \/><\/a>Depois de assinar um acordo estrat\u00e9gico com a <a href=\"https:\/\/www.linkedin.com\/company\/golddata\/about\/?utm_campaign=Internal%20Comms%202024&amp;utm_medium=email&amp;_hsenc=p2ANqtz-8PhB2O-x6zNJ8Sbsyy6mOmQ_kRIt6JgStl_O-pAdYmm8xGfMieDBCBS1GJYam-PbuSXR6TOXCzUQH_awwMUin36gqpREd-BATP6CR6DC_rzbFPOtI&amp;_hsmi=2&amp;utm_content=2&amp;utm_source=hs_email\" target=\"_blank\" rel=\"noopener\">Gold Data<\/a>, a Cirion est\u00e1 expandindo sua presen\u00e7a conectando data centers na Cidade do M\u00e9xico e Quer\u00e9taro. Este movimento fortalece nossa infraestrutura preparada para IA ao assegurar um duto subterr\u00e2neo, que ser\u00e1 utilizado para expandir a rede de fibra \u00f3ptica da Cirion na regi\u00e3o.<\/p>\n<p>Isso destaca os cont\u00ednuos esfor\u00e7os da Cirion para aumentar seus investimentos em infraestrutura de fibra, a fim de atender \u00e0s necessidades em constante expans\u00e3o de seus clientes,&#8221; comentou Diego Mahecha, EVP de Desenvolvimento Corporativo na Cirion Technologies. &#8220;Estamos confiantes de que esta nova rota nos permitir\u00e1 atender eficazmente as necessidades espec\u00edficas de acesso dedicado de nossos clientes, bem como fortalecer a redund\u00e2ncia da nossa rede nesta importante regi\u00e3o do M\u00e9xico\u201d.<\/p>\n<p>Al\u00e9m disso, a Cirion investiu em novas redes metropolitanas com tecnologia \u00f3ptica de \u00faltima gera\u00e7\u00e3o para triplicar o tamanho da pegada atual e levar conectividade de fibra a novas localidades em tr\u00eas cidades, incluindo an\u00e9is metropolitanos de 73 km em Guadalajara, ~200 km em Monterrey e +260 km na Cidade do M\u00e9xico.<\/p>\n<p>O anel nacional da Cirion no M\u00e9xico atualmente se estende por aproximadamente +4.260 km e est\u00e1 conectado por rotas internacionais em Monterrey. O sistema de cabo submarino Cirion PAC (Pan-American Crossing) tamb\u00e9m conecta o M\u00e9xico com Los Angeles, CA nos Estados Unidos, assim como com a Costa Rica e o Panam\u00e1 na Am\u00e9rica Central.<\/p>\n<p>&#8220;Entendemos a import\u00e2ncia de expandir e renovar nossa infraestrutura para fornecer servi\u00e7os de alta qualidade aos nossos clientes atrav\u00e9s de conex\u00f5es r\u00e1pidas e seguras. A Cirion continuar\u00e1 investindo na regi\u00e3o para apoiar o crescimento empresarial e as iniciativas governamentais,&#8221; disse Leonardo Barbero, Presidente da Unidade de Neg\u00f3cios de Conectividade na Cirion Technologies. &#8220;Isso reafirma nosso compromisso com o desenvolvimento da nossa rede, n\u00e3o s\u00f3 no M\u00e9xico, mas na regi\u00e3o\u201d.<\/p>\n<p>&nbsp;<\/p>\n<h3><strong>Sobre a Cirion<\/strong><\/h3>\n<p>A Cirion \u00e9 uma provedora l\u00edder pan-regional de infraestrutura digital e tecnologia, oferecendo um conjunto abrangente de servi\u00e7os de colocation, infraestrutura em nuvem e fibras terrestres e submarinas. A Cirion atende a mais de 5.500 clientes latino-americanos e multinacionais, incluindo empresas, ag\u00eancias governamentais, provedores de servi\u00e7os em nuvem, operadoras, ISPs e outras empresas l\u00edderes. A Cirion possui e opera um portf\u00f3lio de redes e instala\u00e7\u00f5es de data centers pr\u00f3prios, com ampla cobertura abrangendo toda a regi\u00e3o Am\u00e9rica Latina. Saiba mais sobre a Cirion em <a href=\"https:\/\/www.ciriontechnologies.com\/pt-br\/\" target=\"_blank\" rel=\"noopener\">https:\/\/www.ciriontechnologies.com\/<\/a><\/p>\n<p>&nbsp;<\/p>\n<h3><strong>Siga-nos em nossas Redes Sociais<\/strong><\/h3>\n<p><a href=\"https:\/\/www.linkedin.com\/company\/ciriontechnologies\/\" target=\"_blank\" rel=\"noopener\">LinkedIn<\/a>\u00a0|\u00a0<a href=\"https:\/\/twitter.com\/cirion_br\" target=\"_blank\" rel=\"noopener\">Twitter<\/a>\u00a0|\u00a0<a class=\"broken_link\" href=\"https:\/\/www.facebook.com\/cirionbrasil\" target=\"_blank\" rel=\"noopener\">Facebook<\/a>\u00a0|\u00a0<a class=\"broken_link\" href=\"https:\/\/www.instagram.com\/cirionbrasil\/\" target=\"_blank\" rel=\"noopener\">Instagram<\/a>\u00a0|\u00a0<a href=\"https:\/\/www.youtube.com\/@ciriontechnologies\" target=\"_blank\" rel=\"noopener\">YouTube<\/a>\u00a0|\u00a0<a href=\"https:\/\/blog.ciriontechnologies.com\/\" target=\"_blank\" rel=\"noopener\">Blog<\/a><\/p>\n<p>&nbsp;<\/p>\n<h3><strong>Contato para a imprensa:<\/strong><\/h3>\n<p>Paula Vivo<br \/>\nCirion Technologies<br \/>\nT: +55 11 3957-2424<br \/>\n<a href=\"mailto:paula.vivo@ciriontechnologies.com\">paula.vivo@ciriontechnologies.com<\/a><\/p>\n","protected":false},"excerpt":{"rendered":"<p>Cirion expande sua rede de fibra \u00f3ptica no M\u00e9xico conectando Quer\u00e9taro \u00e0 Cidade do M\u00e9xico \u00a0 Com este novo duto subterr\u00e2neo de fibra, a expans\u00e3o da infraestrutura e da rede da Cirion oferece aos clientes op\u00e7\u00f5es de conectividade mais r\u00e1pidas e melhoradas. \u00a0 &nbsp; MIAMI, FL. &#8211; 10 de dezembro de 2024 &#8211; Cirion Technologies, [&hellip;]<\/p>\n","protected":false},"author":3,"featured_media":6372,"comment_status":"closed","ping_status":"closed","sticky":false,"template":"","format":"standard","meta":{"_acf_changed":false,"_et_pb_use_builder":"","_et_pb_old_content":"","_et_gb_content_width":"","_monsterinsights_skip_tracking":false,"_monsterinsights_sitenote_active":false,"_monsterinsights_sitenote_note":"","_monsterinsights_sitenote_category":0,"footnotes":""},"categories":[356,63],"tags":[90],"idioma_entrada":[98],"anio_publicacion_entrada":[115],"class_list":["post-7014","post","type-post","status-publish","format-standard","has-post-thumbnail","hentry","category-destacadas","category-mexico","tag-release-2","idioma_entrada-portugues","anio_publicacion_entrada-115"],"acf":[],"yoast_head":"<!-- This site is optimized with the Yoast SEO plugin v27.5 - https:\/\/yoast.com\/product\/yoast-seo-wordpress\/ -->\n<title>Cirion expande rede de fibra \u00f3ptica conectando Quer\u00e9taro \u00e0 CDMX<\/title>\n<meta name=\"description\" content=\"Novo duto de fibra, a expans\u00e3o da infraestrutura e da rede da Cirion oferece aos clientes op\u00e7\u00f5es de conectividade mais r\u00e1pidas e melhoradas.\" \/>\n<meta name=\"robots\" content=\"index, follow, max-snippet:-1, max-image-preview:large, max-video-preview:-1\" \/>\n<link rel=\"canonical\" href=\"https:\/\/press.ciriontechnologies.com\/pt-br\/2024\/12\/09\/expande-rede-fibra-optica-mexico\/\" \/>\n<meta property=\"og:locale\" content=\"pt_BR\" \/>\n<meta property=\"og:type\" content=\"article\" \/>\n<meta property=\"og:title\" content=\"Cirion expande rede de fibra \u00f3ptica conectando Quer\u00e9taro \u00e0 CDMX\" \/>\n<meta property=\"og:description\" content=\"Novo duto de fibra, a expans\u00e3o da infraestrutura e da rede da Cirion oferece aos clientes op\u00e7\u00f5es de conectividade mais r\u00e1pidas e melhoradas.\" \/>\n<meta property=\"og:url\" content=\"https:\/\/press.ciriontechnologies.com\/pt-br\/2024\/12\/09\/expande-rede-fibra-optica-mexico\/\" \/>\n<meta property=\"og:site_name\" content=\"Cirion Technologies\" \/>\n<meta property=\"article:published_time\" content=\"2024-12-09T15:59:20+00:00\" \/>\n<meta property=\"article:modified_time\" content=\"2025-06-02T20:34:56+00:00\" \/>\n<meta property=\"og:image\" content=\"https:\/\/press.ciriontechnologies.com\/wp-content\/uploads\/2024\/05\/cirion-blog-camino-ciudad-960x480-1.jpg\" \/>\n\t<meta property=\"og:image:width\" content=\"960\" \/>\n\t<meta property=\"og:image:height\" content=\"480\" \/>\n\t<meta property=\"og:image:type\" content=\"image\/jpeg\" \/>\n<meta name=\"author\" content=\"Cristina Mello\" \/>\n<meta name=\"twitter:card\" content=\"summary_large_image\" \/>\n<meta name=\"twitter:label1\" content=\"Escrito por\" \/>\n\t<meta name=\"twitter:data1\" content=\"Cristina Mello\" \/>\n\t<meta name=\"twitter:label2\" content=\"Est. tempo de leitura\" \/>\n\t<meta name=\"twitter:data2\" content=\"3 minutos\" \/>\n<script type=\"application\/ld+json\" class=\"yoast-schema-graph\">{\"@context\":\"https:\\\/\\\/schema.org\",\"@graph\":[{\"@type\":\"Article\",\"@id\":\"https:\\\/\\\/press.ciriontechnologies.com\\\/pt-br\\\/2024\\\/12\\\/09\\\/expande-rede-fibra-optica-mexico\\\/#article\",\"isPartOf\":{\"@id\":\"https:\\\/\\\/press.ciriontechnologies.com\\\/pt-br\\\/2024\\\/12\\\/09\\\/expande-rede-fibra-optica-mexico\\\/\"},\"author\":{\"name\":\"Cristina Mello\",\"@id\":\"https:\\\/\\\/press.ciriontechnologies.com\\\/pt-br\\\/#\\\/schema\\\/person\\\/141708ab478d4a3e84a5fb821ccea2ae\"},\"headline\":\"Cirion expande sua rede de fibra \u00f3ptica no M\u00e9xico conectando Quer\u00e9taro \u00e0 Cidade do M\u00e9xico\",\"datePublished\":\"2024-12-09T15:59:20+00:00\",\"dateModified\":\"2025-06-02T20:34:56+00:00\",\"mainEntityOfPage\":{\"@id\":\"https:\\\/\\\/press.ciriontechnologies.com\\\/pt-br\\\/2024\\\/12\\\/09\\\/expande-rede-fibra-optica-mexico\\\/\"},\"wordCount\":599,\"publisher\":{\"@id\":\"https:\\\/\\\/press.ciriontechnologies.com\\\/pt-br\\\/#organization\"},\"image\":{\"@id\":\"https:\\\/\\\/press.ciriontechnologies.com\\\/pt-br\\\/2024\\\/12\\\/09\\\/expande-rede-fibra-optica-mexico\\\/#primaryimage\"},\"thumbnailUrl\":\"https:\\\/\\\/press.ciriontechnologies.com\\\/wp-content\\\/uploads\\\/2024\\\/05\\\/cirion-blog-camino-ciudad-960x480-1.jpg\",\"keywords\":[\"Release\"],\"articleSection\":[\"Destacadas\",\"M\u00e9xico\"],\"inLanguage\":\"pt-BR\"},{\"@type\":\"WebPage\",\"@id\":\"https:\\\/\\\/press.ciriontechnologies.com\\\/pt-br\\\/2024\\\/12\\\/09\\\/expande-rede-fibra-optica-mexico\\\/\",\"url\":\"https:\\\/\\\/press.ciriontechnologies.com\\\/pt-br\\\/2024\\\/12\\\/09\\\/expande-rede-fibra-optica-mexico\\\/\",\"name\":\"Cirion expande rede de fibra \u00f3ptica conectando Quer\u00e9taro \u00e0 CDMX\",\"isPartOf\":{\"@id\":\"https:\\\/\\\/press.ciriontechnologies.com\\\/pt-br\\\/#website\"},\"primaryImageOfPage\":{\"@id\":\"https:\\\/\\\/press.ciriontechnologies.com\\\/pt-br\\\/2024\\\/12\\\/09\\\/expande-rede-fibra-optica-mexico\\\/#primaryimage\"},\"image\":{\"@id\":\"https:\\\/\\\/press.ciriontechnologies.com\\\/pt-br\\\/2024\\\/12\\\/09\\\/expande-rede-fibra-optica-mexico\\\/#primaryimage\"},\"thumbnailUrl\":\"https:\\\/\\\/press.ciriontechnologies.com\\\/wp-content\\\/uploads\\\/2024\\\/05\\\/cirion-blog-camino-ciudad-960x480-1.jpg\",\"datePublished\":\"2024-12-09T15:59:20+00:00\",\"dateModified\":\"2025-06-02T20:34:56+00:00\",\"description\":\"Novo duto de fibra, a expans\u00e3o da infraestrutura e da rede da Cirion oferece aos clientes op\u00e7\u00f5es de conectividade mais r\u00e1pidas e melhoradas.\",\"breadcrumb\":{\"@id\":\"https:\\\/\\\/press.ciriontechnologies.com\\\/pt-br\\\/2024\\\/12\\\/09\\\/expande-rede-fibra-optica-mexico\\\/#breadcrumb\"},\"inLanguage\":\"pt-BR\",\"potentialAction\":[{\"@type\":\"ReadAction\",\"target\":[\"https:\\\/\\\/press.ciriontechnologies.com\\\/pt-br\\\/2024\\\/12\\\/09\\\/expande-rede-fibra-optica-mexico\\\/\"]}]},{\"@type\":\"ImageObject\",\"inLanguage\":\"pt-BR\",\"@id\":\"https:\\\/\\\/press.ciriontechnologies.com\\\/pt-br\\\/2024\\\/12\\\/09\\\/expande-rede-fibra-optica-mexico\\\/#primaryimage\",\"url\":\"https:\\\/\\\/press.ciriontechnologies.com\\\/wp-content\\\/uploads\\\/2024\\\/05\\\/cirion-blog-camino-ciudad-960x480-1.jpg\",\"contentUrl\":\"https:\\\/\\\/press.ciriontechnologies.com\\\/wp-content\\\/uploads\\\/2024\\\/05\\\/cirion-blog-camino-ciudad-960x480-1.jpg\",\"width\":960,\"height\":480},{\"@type\":\"BreadcrumbList\",\"@id\":\"https:\\\/\\\/press.ciriontechnologies.com\\\/pt-br\\\/2024\\\/12\\\/09\\\/expande-rede-fibra-optica-mexico\\\/#breadcrumb\",\"itemListElement\":[{\"@type\":\"ListItem\",\"position\":1,\"name\":\"Home\",\"item\":\"https:\\\/\\\/press.ciriontechnologies.com\\\/pt-br\\\/\"},{\"@type\":\"ListItem\",\"position\":2,\"name\":\"Cirion expande sua rede de fibra \u00f3ptica no M\u00e9xico conectando Quer\u00e9taro \u00e0 Cidade do M\u00e9xico\"}]},{\"@type\":\"WebSite\",\"@id\":\"https:\\\/\\\/press.ciriontechnologies.com\\\/pt-br\\\/#website\",\"url\":\"https:\\\/\\\/press.ciriontechnologies.com\\\/pt-br\\\/\",\"name\":\"Cirion Technologies\",\"description\":\"Pressroom\",\"publisher\":{\"@id\":\"https:\\\/\\\/press.ciriontechnologies.com\\\/pt-br\\\/#organization\"},\"potentialAction\":[{\"@type\":\"SearchAction\",\"target\":{\"@type\":\"EntryPoint\",\"urlTemplate\":\"https:\\\/\\\/press.ciriontechnologies.com\\\/pt-br\\\/?s={search_term_string}\"},\"query-input\":{\"@type\":\"PropertyValueSpecification\",\"valueRequired\":true,\"valueName\":\"search_term_string\"}}],\"inLanguage\":\"pt-BR\"},{\"@type\":\"Organization\",\"@id\":\"https:\\\/\\\/press.ciriontechnologies.com\\\/pt-br\\\/#organization\",\"name\":\"Cirion Technologies\",\"url\":\"https:\\\/\\\/press.ciriontechnologies.com\\\/pt-br\\\/\",\"logo\":{\"@type\":\"ImageObject\",\"inLanguage\":\"pt-BR\",\"@id\":\"https:\\\/\\\/press.ciriontechnologies.com\\\/pt-br\\\/#\\\/schema\\\/logo\\\/image\\\/\",\"url\":\"https:\\\/\\\/press.ciriontechnologies.com\\\/wp-content\\\/uploads\\\/2024\\\/07\\\/Cirion_logo_696x696.jpg\",\"contentUrl\":\"https:\\\/\\\/press.ciriontechnologies.com\\\/wp-content\\\/uploads\\\/2024\\\/07\\\/Cirion_logo_696x696.jpg\",\"width\":696,\"height\":696,\"caption\":\"Cirion Technologies\"},\"image\":{\"@id\":\"https:\\\/\\\/press.ciriontechnologies.com\\\/pt-br\\\/#\\\/schema\\\/logo\\\/image\\\/\"}},{\"@type\":\"Person\",\"@id\":\"https:\\\/\\\/press.ciriontechnologies.com\\\/pt-br\\\/#\\\/schema\\\/person\\\/141708ab478d4a3e84a5fb821ccea2ae\",\"name\":\"Cristina Mello\",\"image\":{\"@type\":\"ImageObject\",\"inLanguage\":\"pt-BR\",\"@id\":\"https:\\\/\\\/secure.gravatar.com\\\/avatar\\\/342261e31fbe63c5c5d3ed799372db2e8448673ffccbbe240822e8eb3ed7e206?s=96&d=mm&r=g\",\"url\":\"https:\\\/\\\/secure.gravatar.com\\\/avatar\\\/342261e31fbe63c5c5d3ed799372db2e8448673ffccbbe240822e8eb3ed7e206?s=96&d=mm&r=g\",\"contentUrl\":\"https:\\\/\\\/secure.gravatar.com\\\/avatar\\\/342261e31fbe63c5c5d3ed799372db2e8448673ffccbbe240822e8eb3ed7e206?s=96&d=mm&r=g\",\"caption\":\"Cristina Mello\"}}]}<\/script>\n<!-- \/ Yoast SEO plugin. -->","yoast_head_json":{"title":"Cirion expande rede de fibra \u00f3ptica conectando Quer\u00e9taro \u00e0 CDMX","description":"Novo duto de fibra, a expans\u00e3o da infraestrutura e da rede da Cirion oferece aos clientes op\u00e7\u00f5es de conectividade mais r\u00e1pidas e melhoradas.","robots":{"index":"index","follow":"follow","max-snippet":"max-snippet:-1","max-image-preview":"max-image-preview:large","max-video-preview":"max-video-preview:-1"},"canonical":"https:\/\/press.ciriontechnologies.com\/pt-br\/2024\/12\/09\/expande-rede-fibra-optica-mexico\/","og_locale":"pt_BR","og_type":"article","og_title":"Cirion expande rede de fibra \u00f3ptica conectando Quer\u00e9taro \u00e0 CDMX","og_description":"Novo duto de fibra, a expans\u00e3o da infraestrutura e da rede da Cirion oferece aos clientes op\u00e7\u00f5es de conectividade mais r\u00e1pidas e melhoradas.","og_url":"https:\/\/press.ciriontechnologies.com\/pt-br\/2024\/12\/09\/expande-rede-fibra-optica-mexico\/","og_site_name":"Cirion Technologies","article_published_time":"2024-12-09T15:59:20+00:00","article_modified_time":"2025-06-02T20:34:56+00:00","og_image":[{"width":960,"height":480,"url":"https:\/\/press.ciriontechnologies.com\/wp-content\/uploads\/2024\/05\/cirion-blog-camino-ciudad-960x480-1.jpg","type":"image\/jpeg"}],"author":"Cristina Mello","twitter_card":"summary_large_image","twitter_misc":{"Escrito por":"Cristina Mello","Est. tempo de leitura":"3 minutos"},"schema":{"@context":"https:\/\/schema.org","@graph":[{"@type":"Article","@id":"https:\/\/press.ciriontechnologies.com\/pt-br\/2024\/12\/09\/expande-rede-fibra-optica-mexico\/#article","isPartOf":{"@id":"https:\/\/press.ciriontechnologies.com\/pt-br\/2024\/12\/09\/expande-rede-fibra-optica-mexico\/"},"author":{"name":"Cristina Mello","@id":"https:\/\/press.ciriontechnologies.com\/pt-br\/#\/schema\/person\/141708ab478d4a3e84a5fb821ccea2ae"},"headline":"Cirion expande sua rede de fibra \u00f3ptica no M\u00e9xico conectando Quer\u00e9taro \u00e0 Cidade do M\u00e9xico","datePublished":"2024-12-09T15:59:20+00:00","dateModified":"2025-06-02T20:34:56+00:00","mainEntityOfPage":{"@id":"https:\/\/press.ciriontechnologies.com\/pt-br\/2024\/12\/09\/expande-rede-fibra-optica-mexico\/"},"wordCount":599,"publisher":{"@id":"https:\/\/press.ciriontechnologies.com\/pt-br\/#organization"},"image":{"@id":"https:\/\/press.ciriontechnologies.com\/pt-br\/2024\/12\/09\/expande-rede-fibra-optica-mexico\/#primaryimage"},"thumbnailUrl":"https:\/\/press.ciriontechnologies.com\/wp-content\/uploads\/2024\/05\/cirion-blog-camino-ciudad-960x480-1.jpg","keywords":["Release"],"articleSection":["Destacadas","M\u00e9xico"],"inLanguage":"pt-BR"},{"@type":"WebPage","@id":"https:\/\/press.ciriontechnologies.com\/pt-br\/2024\/12\/09\/expande-rede-fibra-optica-mexico\/","url":"https:\/\/press.ciriontechnologies.com\/pt-br\/2024\/12\/09\/expande-rede-fibra-optica-mexico\/","name":"Cirion expande rede de fibra \u00f3ptica conectando Quer\u00e9taro \u00e0 CDMX","isPartOf":{"@id":"https:\/\/press.ciriontechnologies.com\/pt-br\/#website"},"primaryImageOfPage":{"@id":"https:\/\/press.ciriontechnologies.com\/pt-br\/2024\/12\/09\/expande-rede-fibra-optica-mexico\/#primaryimage"},"image":{"@id":"https:\/\/press.ciriontechnologies.com\/pt-br\/2024\/12\/09\/expande-rede-fibra-optica-mexico\/#primaryimage"},"thumbnailUrl":"https:\/\/press.ciriontechnologies.com\/wp-content\/uploads\/2024\/05\/cirion-blog-camino-ciudad-960x480-1.jpg","datePublished":"2024-12-09T15:59:20+00:00","dateModified":"2025-06-02T20:34:56+00:00","description":"Novo duto de fibra, a expans\u00e3o da infraestrutura e da rede da Cirion oferece aos clientes op\u00e7\u00f5es de conectividade mais r\u00e1pidas e melhoradas.","breadcrumb":{"@id":"https:\/\/press.ciriontechnologies.com\/pt-br\/2024\/12\/09\/expande-rede-fibra-optica-mexico\/#breadcrumb"},"inLanguage":"pt-BR","potentialAction":[{"@type":"ReadAction","target":["https:\/\/press.ciriontechnologies.com\/pt-br\/2024\/12\/09\/expande-rede-fibra-optica-mexico\/"]}]},{"@type":"ImageObject","inLanguage":"pt-BR","@id":"https:\/\/press.ciriontechnologies.com\/pt-br\/2024\/12\/09\/expande-rede-fibra-optica-mexico\/#primaryimage","url":"https:\/\/press.ciriontechnologies.com\/wp-content\/uploads\/2024\/05\/cirion-blog-camino-ciudad-960x480-1.jpg","contentUrl":"https:\/\/press.ciriontechnologies.com\/wp-content\/uploads\/2024\/05\/cirion-blog-camino-ciudad-960x480-1.jpg","width":960,"height":480},{"@type":"BreadcrumbList","@id":"https:\/\/press.ciriontechnologies.com\/pt-br\/2024\/12\/09\/expande-rede-fibra-optica-mexico\/#breadcrumb","itemListElement":[{"@type":"ListItem","position":1,"name":"Home","item":"https:\/\/press.ciriontechnologies.com\/pt-br\/"},{"@type":"ListItem","position":2,"name":"Cirion expande sua rede de fibra \u00f3ptica no M\u00e9xico conectando Quer\u00e9taro \u00e0 Cidade do M\u00e9xico"}]},{"@type":"WebSite","@id":"https:\/\/press.ciriontechnologies.com\/pt-br\/#website","url":"https:\/\/press.ciriontechnologies.com\/pt-br\/","name":"Cirion Technologies","description":"Pressroom","publisher":{"@id":"https:\/\/press.ciriontechnologies.com\/pt-br\/#organization"},"potentialAction":[{"@type":"SearchAction","target":{"@type":"EntryPoint","urlTemplate":"https:\/\/press.ciriontechnologies.com\/pt-br\/?s={search_term_string}"},"query-input":{"@type":"PropertyValueSpecification","valueRequired":true,"valueName":"search_term_string"}}],"inLanguage":"pt-BR"},{"@type":"Organization","@id":"https:\/\/press.ciriontechnologies.com\/pt-br\/#organization","name":"Cirion Technologies","url":"https:\/\/press.ciriontechnologies.com\/pt-br\/","logo":{"@type":"ImageObject","inLanguage":"pt-BR","@id":"https:\/\/press.ciriontechnologies.com\/pt-br\/#\/schema\/logo\/image\/","url":"https:\/\/press.ciriontechnologies.com\/wp-content\/uploads\/2024\/07\/Cirion_logo_696x696.jpg","contentUrl":"https:\/\/press.ciriontechnologies.com\/wp-content\/uploads\/2024\/07\/Cirion_logo_696x696.jpg","width":696,"height":696,"caption":"Cirion Technologies"},"image":{"@id":"https:\/\/press.ciriontechnologies.com\/pt-br\/#\/schema\/logo\/image\/"}},{"@type":"Person","@id":"https:\/\/press.ciriontechnologies.com\/pt-br\/#\/schema\/person\/141708ab478d4a3e84a5fb821ccea2ae","name":"Cristina Mello","image":{"@type":"ImageObject","inLanguage":"pt-BR","@id":"https:\/\/secure.gravatar.com\/avatar\/342261e31fbe63c5c5d3ed799372db2e8448673ffccbbe240822e8eb3ed7e206?s=96&d=mm&r=g","url":"https:\/\/secure.gravatar.com\/avatar\/342261e31fbe63c5c5d3ed799372db2e8448673ffccbbe240822e8eb3ed7e206?s=96&d=mm&r=g","contentUrl":"https:\/\/secure.gravatar.com\/avatar\/342261e31fbe63c5c5d3ed799372db2e8448673ffccbbe240822e8eb3ed7e206?s=96&d=mm&r=g","caption":"Cristina Mello"}}]}},"_links":{"self":[{"href":"https:\/\/press.ciriontechnologies.com\/pt-br\/wp-json\/wp\/v2\/posts\/7014","targetHints":{"allow":["GET"]}}],"collection":[{"href":"https:\/\/press.ciriontechnologies.com\/pt-br\/wp-json\/wp\/v2\/posts"}],"about":[{"href":"https:\/\/press.ciriontechnologies.com\/pt-br\/wp-json\/wp\/v2\/types\/post"}],"author":[{"embeddable":true,"href":"https:\/\/press.ciriontechnologies.com\/pt-br\/wp-json\/wp\/v2\/users\/3"}],"replies":[{"embeddable":true,"href":"https:\/\/press.ciriontechnologies.com\/pt-br\/wp-json\/wp\/v2\/comments?post=7014"}],"version-history":[{"count":0,"href":"https:\/\/press.ciriontechnologies.com\/pt-br\/wp-json\/wp\/v2\/posts\/7014\/revisions"}],"wp:featuredmedia":[{"embeddable":true,"href":"https:\/\/press.ciriontechnologies.com\/pt-br\/wp-json\/wp\/v2\/media\/6372"}],"wp:attachment":[{"href":"https:\/\/press.ciriontechnologies.com\/pt-br\/wp-json\/wp\/v2\/media?parent=7014"}],"wp:term":[{"taxonomy":"category","embeddable":true,"href":"https:\/\/press.ciriontechnologies.com\/pt-br\/wp-json\/wp\/v2\/categories?post=7014"},{"taxonomy":"post_tag","embeddable":true,"href":"https:\/\/press.ciriontechnologies.com\/pt-br\/wp-json\/wp\/v2\/tags?post=7014"},{"taxonomy":"idioma_entrada","embeddable":true,"href":"https:\/\/press.ciriontechnologies.com\/pt-br\/wp-json\/wp\/v2\/idioma_entrada?post=7014"},{"taxonomy":"anio_publicacion_entrada","embeddable":true,"href":"https:\/\/press.ciriontechnologies.com\/pt-br\/wp-json\/wp\/v2\/anio_publicacion_entrada?post=7014"}],"curies":[{"name":"wp","href":"https:\/\/api.w.org\/{rel}","templated":true}]}}