{"id":1572,"date":"2022-01-08T20:07:00","date_gmt":"2022-01-08T20:07:00","guid":{"rendered":"https:\/\/soyculto.info\/cirpr\/2022\/01\/08\/2022-08-01-cirion-anuncia-fechamento-de-sua-transacao\/"},"modified":"2025-06-02T20:20:50","modified_gmt":"2025-06-02T20:20:50","slug":"2022-08-01-cirion-anuncia-fechamento-de-sua-transacao","status":"publish","type":"post","link":"https:\/\/press.ciriontechnologies.com\/pt-br\/2022\/01\/08\/2022-08-01-cirion-anuncia-fechamento-de-sua-transacao\/","title":{"rendered":"Cirion anuncia fechamento de sua transa\u00e7\u00e3o; lan\u00e7a sua marca, prop\u00f3sito e equipe de lideran\u00e7a executiva"},"content":{"rendered":"<h1><strong>Cirion anuncia fechamento de sua transa\u00e7\u00e3o; lan\u00e7a sua marca, prop\u00f3sito e equipe de lideran\u00e7a executiva<\/strong><\/h1>\n<p><em>Atrav\u00e9s de sua extensa infraestrutura de fibra, data centers e ativos de rede, a Cirion visa auxiliar empresas das ind\u00fastrias mais relevantes da Am\u00e9rica Latina em seus caminhos para a transforma\u00e7\u00e3o digital.<br \/>\n<\/em><em>Isto representa a conclus\u00e3o <\/em><em>da aquisi\u00e7\u00e3o <\/em><em>das antigas opera\u00e7\u00f5es latino-americanas da Lumen Technologies pela Stonepeak<\/em><\/p>\n<p><strong>BUENOS AIRES e NOVA YORK, 1 de agosto, 2022<\/strong> \u0096 A Cirion, anteriormente a opera\u00e7\u00e3o latino-americana da Lumen Technologies, hoje anunciou o lan\u00e7amento de sua marca, seu prop\u00f3sito de promover o progresso da Am\u00e9rica Latina atrav\u00e9s da tecnologia e sua equipe de lideran\u00e7a executiva, para criar uma empresa l\u00edder em infraestrutura digital e tecnologia na Am\u00e9rica Latina.<\/p>\n<p><a href=\"https:\/\/cirionpresspro.wpenginepowered.com\/wp-content\/uploads\/2022\/01\/cirion-technologies.png\" target=\"_blank\" rel=\"noopener\"><img loading=\"lazy\" decoding=\"async\" class=\"aligncenter wp-image-6389 size-full\" src=\"https:\/\/cirionpresspro.wpenginepowered.com\/wp-content\/uploads\/2022\/01\/cirion-technologies.png\" alt=\"\" width=\"531\" height=\"195\" srcset=\"https:\/\/cirionpresspro.wpenginepowered.com\/wp-content\/uploads\/2022\/01\/cirion-technologies.png 531w, https:\/\/cirionpresspro.wpenginepowered.com\/wp-content\/uploads\/2022\/01\/cirion-technologies-480x176.png 480w\" sizes=\"(min-width: 0px) and (max-width: 480px) 480px, (min-width: 481px) 531px, 100vw\" \/><\/a><\/p>\n<p>A conclus\u00e3o da venda das opera\u00e7\u00f5es latino-americanas da Lumen Technologies para a Stonepeak, uma firma l\u00edder em investimentos alternativos especializada em infraestrutura e ativos reais, d\u00e1 \u00e0 Cirion maior flexibilidade para expandir seu neg\u00f3cio na regi\u00e3o e permite que a empresa forme novas alian\u00e7as estrat\u00e9gicas, enquanto oferece as solu\u00e7\u00f5es regionais e globais que os clientes esperam, com os servi\u00e7os que precisam.<\/p>\n<p>O prop\u00f3sito da Cirion \u00e9 o de promover o progresso da Am\u00e9rica Latina atrav\u00e9s da tecnologia, apoiando as empresas das ind\u00fastrias mais relevantes em seus caminhos para a transforma\u00e7\u00e3o digital.\u00a0 As empresas baseadas na regi\u00e3o continuar\u00e3o usufruindo dos mesmos n\u00edveis de servi\u00e7o e de rede de alta qualidade que estavam acostumadas a receber do neg\u00f3cio da Lumen na Am\u00e9rica Latina.<\/p>\n<p>A Cirion e a Lumen manter\u00e3o uma parceria estrat\u00e9gica para ajudar a garantir uma experi\u00eancia global integrada e servi\u00e7o cont\u00ednuo para os clientes na regi\u00e3o. Esta rela\u00e7\u00e3o inclui acordos rec\u00edprocos de revenda e de rede que aproveitam as extensas infraestruturas de fibra, data centers e outros ativos de rede de cada um.<\/p>\n<p>A equipe de lideran\u00e7a da Cirion possui mais de 20 anos de experi\u00eancia trabalhando em conjunto para impulsionar o crescimento da empresa. Facundo Castro ser\u00e1 o Chief Executive Officer da Cirion.\u00a0 Nos \u00faltimos meses, a Cirion tamb\u00e9m realizou diversas novas contrata\u00e7\u00f5es para a equipe executiva, todos trazendo extensa experi\u00eancia no setor em toda a regi\u00e3o.<\/p>\n<p>\u0093Acreditamos que a tecnologia \u00e9 fundamental para nosso futuro digital e sabemos o que \u00e9 preciso para impulsionar mudan\u00e7as e promover a transforma\u00e7\u00e3o.\u00a0 Estamos confiantes de que temos as pessoas, parceiros e recursos certos para levar servi\u00e7os r\u00e1pidos, confi\u00e1veis e excepcionais aos nossos clientes\u0094, disse Facundo Castro.\u00a0 \u0093Estamos muito entusiasmados com as oportunidades diante de n\u00f3s e esperamos nos consolidar como o parceiro tecnol\u00f3gico escolhido pelas ind\u00fastrias mais relevantes da Am\u00e9rica Latina\u0094.<\/p>\n<p>\u0093Fechar esta transa\u00e7\u00e3o marca o in\u00edcio de um novo cap\u00edtulo emocionante para a Cirion, \u00e0 medida que a empresa continua a expandir suas redes de fibra e data centers atrav\u00e9s de sua j\u00e1 s\u00f3lida infraestrutura na Am\u00e9rica Latina\u0094, disse o Gerente Geral e Co-Head de Comunica\u00e7\u00f5es da Stonepeak, Andrew Thomas.\u00a0 \u0093Estamos animados para esta parceria com a equipe da Cirion e para aplicar nossa experi\u00eancia como investidores ativos em infraestrutura digital global para impulsionar um crescimento sustent\u00e1vel de longo prazo\u0094.<\/p>\n<h2><strong>Recursos Adicionais:\u00a0<\/strong><\/h2>\n<ul>\n<li>Para mais informa\u00e7\u00f5es sobre a Cirion, por favor visite nosso site em <a href=\"https:\/\/www.ciriontechnologies.com\/pt-br\/\" target=\"_blank\" rel=\"noopener\">ciriontechnologies.com<\/a><\/li>\n<li><a href=\"https:\/\/news.lumen.com\/2022-08-01-Lumen-fecha-a-venda-de-seu-negocio-na-America-Latina-para-a-Stonepeak\" target=\"_blank\" rel=\"noopener\">Lumen fecha venda de seu neg\u00f3cio na Am\u00e9rica Latina para a Stonepeak<\/a><\/li>\n<li><a href=\"https:\/\/cirionpressprd.wpengine.com\/pt\/lumen-vendera-negocio-da-america-latina-a-stonepeak-por-us-27-bilhoes\/\" target=\"_blank\" rel=\"noopener\">Lumen vender\u00e1 seu neg\u00f3cio na Am\u00e9rica Latina para a Stonepeak por US$ 2,7B <\/a>(News Release de 26 de julho, 2021)<\/li>\n<\/ul>\n<h2><strong>Sobre a Stonepeak<\/strong><\/h2>\n<p>A Stonepeak \u00e9 uma firma l\u00edder em investimentos alternativos especializada em infraestrutura e ativos reais com cerca de US$ 49,3 bilh\u00f5es em ativos sob gest\u00e3o. Atrav\u00e9s de seu investimento em empresas de ativos f\u00edsicos, conservadores, globalmente, a Stonepeak visa criar valor para seus investidores e empresas do portf\u00f3lio e ter um impacto positivo nas comunidades em que opera.\u00a0 A Stonepeak patrocina ve\u00edculos de investimentos focados em capital privado e cr\u00e9dito. A empresa fornece capital, apoio operacional e uma parceria comprometida com o crescimento sustent\u00e1vel de investimentos em setores-alvo, que incluem comunica\u00e7\u00f5es, transi\u00e7\u00e3o energ\u00e9tica, transporte e log\u00edstica, e infraestrutura social.\u00a0 A Stonepeak est\u00e1 sediada em Nova York, com escrit\u00f3rios em Austin, Hong Kong, Houston, Londres e Sydney. Para mais informa\u00e7\u00f5es, por favor visite <a href=\"http:\/\/www.stonepeak.com\" target=\"_blank\" rel=\"noopener\">www.stonepeak.com<\/a>.<strong>\u00a0<\/strong><\/p>\n<h3><strong>Sobre a Cirion<\/strong><\/h3>\n<p>A Cirion \u00e9 uma provedora l\u00edder de infraestrutura digital e tecnologia, oferecendo um conjunto abrangente de solu\u00e7\u00f5es de redes de fibra, conectividade, colocation, infraestrutura em nuvem e comunica\u00e7\u00e3o e colabora\u00e7\u00e3o com o prop\u00f3sito de promover o progresso da Am\u00e9rica Latina atrav\u00e9s da tecnologia. A Cirion atende a mais de 6.400 clientes latino-americanos e multinacionais, incluindo empresas, ag\u00eancias governamentais, provedores de servi\u00e7os em nuvem, operadoras, ISPs e outras empresas l\u00edderes. A Cirion possui e opera um portf\u00f3lio de redes e data centers pr\u00f3prios, com ampla cobertura abrangendo toda a regi\u00e3o da Am\u00e9rica Latina.\u00a0 Saiba mais sobre a Cirion em <a href=\"https:\/\/www.ciriontechnologies.com\/pt-br\/\" target=\"_blank\" rel=\"noopener\">www.ciriontechnologies.com<\/a><\/p>\n<h3><strong>Contatos para a Imprensa:<\/strong><\/h3>\n<p>Kate Beers<br \/>\nStonepeak<br \/>\nT: +1 646-540-5225<br \/>\n<a href=\"mailto:beers@stonepeakpartners.com\">beers@stonepeak.com<\/a><\/p>\n<p>Paula Vivo<br \/>\nCirion Technologies<br \/>\nT: +55 11 3957-2424<br \/>\n<a href=\"mailto:paula.vivo@ciriontechnologies.com\">paula.vivo@ciriontechnologies.com<\/a><\/p>\n<p>Mike Sockol<br \/>\nLumen Public Relations<br \/>\nT: +1 732.682.8361<br \/>\n<a href=\"mailto:first.last@lumen.com\">mike.sockol@lumen.com<\/a><\/p>\n","protected":false},"excerpt":{"rendered":"<p>Cirion anuncia fechamento de sua transa\u00e7\u00e3o; lan\u00e7a sua marca, prop\u00f3sito e equipe de lideran\u00e7a executiva Atrav\u00e9s de sua extensa infraestrutura de fibra, data centers e ativos de rede, a Cirion visa auxiliar empresas das ind\u00fastrias mais relevantes da Am\u00e9rica Latina em seus caminhos para a transforma\u00e7\u00e3o digital. Isto representa a conclus\u00e3o da aquisi\u00e7\u00e3o das antigas [&hellip;]<\/p>\n","protected":false},"author":8,"featured_media":1574,"comment_status":"open","ping_status":"open","sticky":false,"template":"","format":"standard","meta":{"_acf_changed":false,"_et_pb_use_builder":"","_et_pb_old_content":"","_et_gb_content_width":"","_monsterinsights_skip_tracking":false,"_monsterinsights_sitenote_active":false,"_monsterinsights_sitenote_note":"","_monsterinsights_sitenote_category":0,"footnotes":""},"categories":[72],"tags":[90],"idioma_entrada":[98],"anio_publicacion_entrada":[113],"class_list":["post-1572","post","type-post","status-publish","format-standard","has-post-thumbnail","hentry","category-latam-2","tag-release-2","idioma_entrada-portugues","anio_publicacion_entrada-113"],"acf":[],"yoast_head":"<!-- This site is optimized with the Yoast SEO plugin v27.5 - https:\/\/yoast.com\/product\/yoast-seo-wordpress\/ -->\n<title>Cirion anuncia fechamento de sua transa\u00e7\u00e3o; lan\u00e7a sua marca, prop\u00f3sito e equipe de lideran\u00e7a executiva - Cirion Technologies<\/title>\n<meta name=\"robots\" content=\"index, follow, max-snippet:-1, max-image-preview:large, max-video-preview:-1\" \/>\n<link rel=\"canonical\" href=\"https:\/\/press.ciriontechnologies.com\/pt-br\/2022\/01\/08\/2022-08-01-cirion-anuncia-fechamento-de-sua-transacao\/\" \/>\n<meta property=\"og:locale\" content=\"pt_BR\" \/>\n<meta property=\"og:type\" content=\"article\" \/>\n<meta property=\"og:title\" content=\"Cirion anuncia fechamento de sua transa\u00e7\u00e3o; lan\u00e7a sua marca, prop\u00f3sito e equipe de lideran\u00e7a executiva - Cirion Technologies\" \/>\n<meta property=\"og:description\" content=\"Cirion anuncia fechamento de sua transa\u00e7\u00e3o; lan\u00e7a sua marca, prop\u00f3sito e equipe de lideran\u00e7a executiva Atrav\u00e9s de sua extensa infraestrutura de fibra, data centers e ativos de rede, a Cirion visa auxiliar empresas das ind\u00fastrias mais relevantes da Am\u00e9rica Latina em seus caminhos para a transforma\u00e7\u00e3o digital. Isto representa a conclus\u00e3o da aquisi\u00e7\u00e3o das antigas [&hellip;]\" \/>\n<meta property=\"og:url\" content=\"https:\/\/press.ciriontechnologies.com\/pt-br\/2022\/01\/08\/2022-08-01-cirion-anuncia-fechamento-de-sua-transacao\/\" \/>\n<meta property=\"og:site_name\" content=\"Cirion Technologies\" \/>\n<meta property=\"article:published_time\" content=\"2022-01-08T20:07:00+00:00\" \/>\n<meta property=\"article:modified_time\" content=\"2025-06-02T20:20:50+00:00\" \/>\n<meta property=\"og:image\" content=\"https:\/\/press.ciriontechnologies.com\/wp-content\/uploads\/2024\/02\/Banner-Cirion-Web-notext-ENG-1.png\" \/>\n\t<meta property=\"og:image:width\" content=\"1600\" \/>\n\t<meta property=\"og:image:height\" content=\"500\" \/>\n\t<meta property=\"og:image:type\" content=\"image\/png\" \/>\n<meta name=\"author\" content=\"Lucas Bettera\" \/>\n<meta name=\"twitter:card\" content=\"summary_large_image\" \/>\n<meta name=\"twitter:label1\" content=\"Escrito por\" \/>\n\t<meta name=\"twitter:data1\" content=\"Lucas Bettera\" \/>\n\t<meta name=\"twitter:label2\" content=\"Est. tempo de leitura\" \/>\n\t<meta name=\"twitter:data2\" content=\"5 minutos\" \/>\n<script type=\"application\/ld+json\" class=\"yoast-schema-graph\">{\"@context\":\"https:\\\/\\\/schema.org\",\"@graph\":[{\"@type\":\"Article\",\"@id\":\"https:\\\/\\\/press.ciriontechnologies.com\\\/pt-br\\\/2022\\\/01\\\/08\\\/2022-08-01-cirion-anuncia-fechamento-de-sua-transacao\\\/#article\",\"isPartOf\":{\"@id\":\"https:\\\/\\\/press.ciriontechnologies.com\\\/pt-br\\\/2022\\\/01\\\/08\\\/2022-08-01-cirion-anuncia-fechamento-de-sua-transacao\\\/\"},\"author\":{\"name\":\"Lucas Bettera\",\"@id\":\"https:\\\/\\\/press.ciriontechnologies.com\\\/pt-br\\\/#\\\/schema\\\/person\\\/1ef68ff1dcb10c4bce33a5754c91c61d\"},\"headline\":\"Cirion anuncia fechamento de sua transa\u00e7\u00e3o; lan\u00e7a sua marca, prop\u00f3sito e equipe de lideran\u00e7a executiva\",\"datePublished\":\"2022-01-08T20:07:00+00:00\",\"dateModified\":\"2025-06-02T20:20:50+00:00\",\"mainEntityOfPage\":{\"@id\":\"https:\\\/\\\/press.ciriontechnologies.com\\\/pt-br\\\/2022\\\/01\\\/08\\\/2022-08-01-cirion-anuncia-fechamento-de-sua-transacao\\\/\"},\"wordCount\":921,\"commentCount\":0,\"publisher\":{\"@id\":\"https:\\\/\\\/press.ciriontechnologies.com\\\/pt-br\\\/#organization\"},\"image\":{\"@id\":\"https:\\\/\\\/press.ciriontechnologies.com\\\/pt-br\\\/2022\\\/01\\\/08\\\/2022-08-01-cirion-anuncia-fechamento-de-sua-transacao\\\/#primaryimage\"},\"thumbnailUrl\":\"https:\\\/\\\/press.ciriontechnologies.com\\\/wp-content\\\/uploads\\\/2024\\\/02\\\/Banner-Cirion-Web-notext-ENG-1.png\",\"keywords\":[\"Release\"],\"articleSection\":[\"LATAM\"],\"inLanguage\":\"pt-BR\",\"potentialAction\":[{\"@type\":\"CommentAction\",\"name\":\"Comment\",\"target\":[\"https:\\\/\\\/press.ciriontechnologies.com\\\/pt-br\\\/2022\\\/01\\\/08\\\/2022-08-01-cirion-anuncia-fechamento-de-sua-transacao\\\/#respond\"]}]},{\"@type\":\"WebPage\",\"@id\":\"https:\\\/\\\/press.ciriontechnologies.com\\\/pt-br\\\/2022\\\/01\\\/08\\\/2022-08-01-cirion-anuncia-fechamento-de-sua-transacao\\\/\",\"url\":\"https:\\\/\\\/press.ciriontechnologies.com\\\/pt-br\\\/2022\\\/01\\\/08\\\/2022-08-01-cirion-anuncia-fechamento-de-sua-transacao\\\/\",\"name\":\"Cirion anuncia fechamento de sua transa\u00e7\u00e3o; lan\u00e7a sua marca, prop\u00f3sito e equipe de lideran\u00e7a executiva - Cirion Technologies\",\"isPartOf\":{\"@id\":\"https:\\\/\\\/press.ciriontechnologies.com\\\/pt-br\\\/#website\"},\"primaryImageOfPage\":{\"@id\":\"https:\\\/\\\/press.ciriontechnologies.com\\\/pt-br\\\/2022\\\/01\\\/08\\\/2022-08-01-cirion-anuncia-fechamento-de-sua-transacao\\\/#primaryimage\"},\"image\":{\"@id\":\"https:\\\/\\\/press.ciriontechnologies.com\\\/pt-br\\\/2022\\\/01\\\/08\\\/2022-08-01-cirion-anuncia-fechamento-de-sua-transacao\\\/#primaryimage\"},\"thumbnailUrl\":\"https:\\\/\\\/press.ciriontechnologies.com\\\/wp-content\\\/uploads\\\/2024\\\/02\\\/Banner-Cirion-Web-notext-ENG-1.png\",\"datePublished\":\"2022-01-08T20:07:00+00:00\",\"dateModified\":\"2025-06-02T20:20:50+00:00\",\"breadcrumb\":{\"@id\":\"https:\\\/\\\/press.ciriontechnologies.com\\\/pt-br\\\/2022\\\/01\\\/08\\\/2022-08-01-cirion-anuncia-fechamento-de-sua-transacao\\\/#breadcrumb\"},\"inLanguage\":\"pt-BR\",\"potentialAction\":[{\"@type\":\"ReadAction\",\"target\":[\"https:\\\/\\\/press.ciriontechnologies.com\\\/pt-br\\\/2022\\\/01\\\/08\\\/2022-08-01-cirion-anuncia-fechamento-de-sua-transacao\\\/\"]}]},{\"@type\":\"ImageObject\",\"inLanguage\":\"pt-BR\",\"@id\":\"https:\\\/\\\/press.ciriontechnologies.com\\\/pt-br\\\/2022\\\/01\\\/08\\\/2022-08-01-cirion-anuncia-fechamento-de-sua-transacao\\\/#primaryimage\",\"url\":\"https:\\\/\\\/press.ciriontechnologies.com\\\/wp-content\\\/uploads\\\/2024\\\/02\\\/Banner-Cirion-Web-notext-ENG-1.png\",\"contentUrl\":\"https:\\\/\\\/press.ciriontechnologies.com\\\/wp-content\\\/uploads\\\/2024\\\/02\\\/Banner-Cirion-Web-notext-ENG-1.png\",\"width\":1600,\"height\":500},{\"@type\":\"BreadcrumbList\",\"@id\":\"https:\\\/\\\/press.ciriontechnologies.com\\\/pt-br\\\/2022\\\/01\\\/08\\\/2022-08-01-cirion-anuncia-fechamento-de-sua-transacao\\\/#breadcrumb\",\"itemListElement\":[{\"@type\":\"ListItem\",\"position\":1,\"name\":\"Home\",\"item\":\"https:\\\/\\\/press.ciriontechnologies.com\\\/pt-br\\\/\"},{\"@type\":\"ListItem\",\"position\":2,\"name\":\"Cirion anuncia fechamento de sua transa\u00e7\u00e3o; lan\u00e7a sua marca, prop\u00f3sito e equipe de lideran\u00e7a executiva\"}]},{\"@type\":\"WebSite\",\"@id\":\"https:\\\/\\\/press.ciriontechnologies.com\\\/pt-br\\\/#website\",\"url\":\"https:\\\/\\\/press.ciriontechnologies.com\\\/pt-br\\\/\",\"name\":\"Cirion Technologies\",\"description\":\"Pressroom\",\"publisher\":{\"@id\":\"https:\\\/\\\/press.ciriontechnologies.com\\\/pt-br\\\/#organization\"},\"potentialAction\":[{\"@type\":\"SearchAction\",\"target\":{\"@type\":\"EntryPoint\",\"urlTemplate\":\"https:\\\/\\\/press.ciriontechnologies.com\\\/pt-br\\\/?s={search_term_string}\"},\"query-input\":{\"@type\":\"PropertyValueSpecification\",\"valueRequired\":true,\"valueName\":\"search_term_string\"}}],\"inLanguage\":\"pt-BR\"},{\"@type\":\"Organization\",\"@id\":\"https:\\\/\\\/press.ciriontechnologies.com\\\/pt-br\\\/#organization\",\"name\":\"Cirion Technologies\",\"url\":\"https:\\\/\\\/press.ciriontechnologies.com\\\/pt-br\\\/\",\"logo\":{\"@type\":\"ImageObject\",\"inLanguage\":\"pt-BR\",\"@id\":\"https:\\\/\\\/press.ciriontechnologies.com\\\/pt-br\\\/#\\\/schema\\\/logo\\\/image\\\/\",\"url\":\"https:\\\/\\\/press.ciriontechnologies.com\\\/wp-content\\\/uploads\\\/2024\\\/07\\\/Cirion_logo_696x696.jpg\",\"contentUrl\":\"https:\\\/\\\/press.ciriontechnologies.com\\\/wp-content\\\/uploads\\\/2024\\\/07\\\/Cirion_logo_696x696.jpg\",\"width\":696,\"height\":696,\"caption\":\"Cirion Technologies\"},\"image\":{\"@id\":\"https:\\\/\\\/press.ciriontechnologies.com\\\/pt-br\\\/#\\\/schema\\\/logo\\\/image\\\/\"}},{\"@type\":\"Person\",\"@id\":\"https:\\\/\\\/press.ciriontechnologies.com\\\/pt-br\\\/#\\\/schema\\\/person\\\/1ef68ff1dcb10c4bce33a5754c91c61d\",\"name\":\"Lucas Bettera\",\"image\":{\"@type\":\"ImageObject\",\"inLanguage\":\"pt-BR\",\"@id\":\"https:\\\/\\\/secure.gravatar.com\\\/avatar\\\/5e6a983aa53fb7c1d0a9790dd2415c77208c8460e5079361d05346b6f92345a0?s=96&d=mm&r=g\",\"url\":\"https:\\\/\\\/secure.gravatar.com\\\/avatar\\\/5e6a983aa53fb7c1d0a9790dd2415c77208c8460e5079361d05346b6f92345a0?s=96&d=mm&r=g\",\"contentUrl\":\"https:\\\/\\\/secure.gravatar.com\\\/avatar\\\/5e6a983aa53fb7c1d0a9790dd2415c77208c8460e5079361d05346b6f92345a0?s=96&d=mm&r=g\",\"caption\":\"Lucas Bettera\"}}]}<\/script>\n<!-- \/ Yoast SEO plugin. -->","yoast_head_json":{"title":"Cirion anuncia fechamento de sua transa\u00e7\u00e3o; lan\u00e7a sua marca, prop\u00f3sito e equipe de lideran\u00e7a executiva - Cirion Technologies","robots":{"index":"index","follow":"follow","max-snippet":"max-snippet:-1","max-image-preview":"max-image-preview:large","max-video-preview":"max-video-preview:-1"},"canonical":"https:\/\/press.ciriontechnologies.com\/pt-br\/2022\/01\/08\/2022-08-01-cirion-anuncia-fechamento-de-sua-transacao\/","og_locale":"pt_BR","og_type":"article","og_title":"Cirion anuncia fechamento de sua transa\u00e7\u00e3o; lan\u00e7a sua marca, prop\u00f3sito e equipe de lideran\u00e7a executiva - Cirion Technologies","og_description":"Cirion anuncia fechamento de sua transa\u00e7\u00e3o; lan\u00e7a sua marca, prop\u00f3sito e equipe de lideran\u00e7a executiva Atrav\u00e9s de sua extensa infraestrutura de fibra, data centers e ativos de rede, a Cirion visa auxiliar empresas das ind\u00fastrias mais relevantes da Am\u00e9rica Latina em seus caminhos para a transforma\u00e7\u00e3o digital. Isto representa a conclus\u00e3o da aquisi\u00e7\u00e3o das antigas [&hellip;]","og_url":"https:\/\/press.ciriontechnologies.com\/pt-br\/2022\/01\/08\/2022-08-01-cirion-anuncia-fechamento-de-sua-transacao\/","og_site_name":"Cirion Technologies","article_published_time":"2022-01-08T20:07:00+00:00","article_modified_time":"2025-06-02T20:20:50+00:00","og_image":[{"width":1600,"height":500,"url":"https:\/\/press.ciriontechnologies.com\/wp-content\/uploads\/2024\/02\/Banner-Cirion-Web-notext-ENG-1.png","type":"image\/png"}],"author":"Lucas Bettera","twitter_card":"summary_large_image","twitter_misc":{"Escrito por":"Lucas Bettera","Est. tempo de leitura":"5 minutos"},"schema":{"@context":"https:\/\/schema.org","@graph":[{"@type":"Article","@id":"https:\/\/press.ciriontechnologies.com\/pt-br\/2022\/01\/08\/2022-08-01-cirion-anuncia-fechamento-de-sua-transacao\/#article","isPartOf":{"@id":"https:\/\/press.ciriontechnologies.com\/pt-br\/2022\/01\/08\/2022-08-01-cirion-anuncia-fechamento-de-sua-transacao\/"},"author":{"name":"Lucas Bettera","@id":"https:\/\/press.ciriontechnologies.com\/pt-br\/#\/schema\/person\/1ef68ff1dcb10c4bce33a5754c91c61d"},"headline":"Cirion anuncia fechamento de sua transa\u00e7\u00e3o; lan\u00e7a sua marca, prop\u00f3sito e equipe de lideran\u00e7a executiva","datePublished":"2022-01-08T20:07:00+00:00","dateModified":"2025-06-02T20:20:50+00:00","mainEntityOfPage":{"@id":"https:\/\/press.ciriontechnologies.com\/pt-br\/2022\/01\/08\/2022-08-01-cirion-anuncia-fechamento-de-sua-transacao\/"},"wordCount":921,"commentCount":0,"publisher":{"@id":"https:\/\/press.ciriontechnologies.com\/pt-br\/#organization"},"image":{"@id":"https:\/\/press.ciriontechnologies.com\/pt-br\/2022\/01\/08\/2022-08-01-cirion-anuncia-fechamento-de-sua-transacao\/#primaryimage"},"thumbnailUrl":"https:\/\/press.ciriontechnologies.com\/wp-content\/uploads\/2024\/02\/Banner-Cirion-Web-notext-ENG-1.png","keywords":["Release"],"articleSection":["LATAM"],"inLanguage":"pt-BR","potentialAction":[{"@type":"CommentAction","name":"Comment","target":["https:\/\/press.ciriontechnologies.com\/pt-br\/2022\/01\/08\/2022-08-01-cirion-anuncia-fechamento-de-sua-transacao\/#respond"]}]},{"@type":"WebPage","@id":"https:\/\/press.ciriontechnologies.com\/pt-br\/2022\/01\/08\/2022-08-01-cirion-anuncia-fechamento-de-sua-transacao\/","url":"https:\/\/press.ciriontechnologies.com\/pt-br\/2022\/01\/08\/2022-08-01-cirion-anuncia-fechamento-de-sua-transacao\/","name":"Cirion anuncia fechamento de sua transa\u00e7\u00e3o; lan\u00e7a sua marca, prop\u00f3sito e equipe de lideran\u00e7a executiva - Cirion Technologies","isPartOf":{"@id":"https:\/\/press.ciriontechnologies.com\/pt-br\/#website"},"primaryImageOfPage":{"@id":"https:\/\/press.ciriontechnologies.com\/pt-br\/2022\/01\/08\/2022-08-01-cirion-anuncia-fechamento-de-sua-transacao\/#primaryimage"},"image":{"@id":"https:\/\/press.ciriontechnologies.com\/pt-br\/2022\/01\/08\/2022-08-01-cirion-anuncia-fechamento-de-sua-transacao\/#primaryimage"},"thumbnailUrl":"https:\/\/press.ciriontechnologies.com\/wp-content\/uploads\/2024\/02\/Banner-Cirion-Web-notext-ENG-1.png","datePublished":"2022-01-08T20:07:00+00:00","dateModified":"2025-06-02T20:20:50+00:00","breadcrumb":{"@id":"https:\/\/press.ciriontechnologies.com\/pt-br\/2022\/01\/08\/2022-08-01-cirion-anuncia-fechamento-de-sua-transacao\/#breadcrumb"},"inLanguage":"pt-BR","potentialAction":[{"@type":"ReadAction","target":["https:\/\/press.ciriontechnologies.com\/pt-br\/2022\/01\/08\/2022-08-01-cirion-anuncia-fechamento-de-sua-transacao\/"]}]},{"@type":"ImageObject","inLanguage":"pt-BR","@id":"https:\/\/press.ciriontechnologies.com\/pt-br\/2022\/01\/08\/2022-08-01-cirion-anuncia-fechamento-de-sua-transacao\/#primaryimage","url":"https:\/\/press.ciriontechnologies.com\/wp-content\/uploads\/2024\/02\/Banner-Cirion-Web-notext-ENG-1.png","contentUrl":"https:\/\/press.ciriontechnologies.com\/wp-content\/uploads\/2024\/02\/Banner-Cirion-Web-notext-ENG-1.png","width":1600,"height":500},{"@type":"BreadcrumbList","@id":"https:\/\/press.ciriontechnologies.com\/pt-br\/2022\/01\/08\/2022-08-01-cirion-anuncia-fechamento-de-sua-transacao\/#breadcrumb","itemListElement":[{"@type":"ListItem","position":1,"name":"Home","item":"https:\/\/press.ciriontechnologies.com\/pt-br\/"},{"@type":"ListItem","position":2,"name":"Cirion anuncia fechamento de sua transa\u00e7\u00e3o; lan\u00e7a sua marca, prop\u00f3sito e equipe de lideran\u00e7a executiva"}]},{"@type":"WebSite","@id":"https:\/\/press.ciriontechnologies.com\/pt-br\/#website","url":"https:\/\/press.ciriontechnologies.com\/pt-br\/","name":"Cirion Technologies","description":"Pressroom","publisher":{"@id":"https:\/\/press.ciriontechnologies.com\/pt-br\/#organization"},"potentialAction":[{"@type":"SearchAction","target":{"@type":"EntryPoint","urlTemplate":"https:\/\/press.ciriontechnologies.com\/pt-br\/?s={search_term_string}"},"query-input":{"@type":"PropertyValueSpecification","valueRequired":true,"valueName":"search_term_string"}}],"inLanguage":"pt-BR"},{"@type":"Organization","@id":"https:\/\/press.ciriontechnologies.com\/pt-br\/#organization","name":"Cirion Technologies","url":"https:\/\/press.ciriontechnologies.com\/pt-br\/","logo":{"@type":"ImageObject","inLanguage":"pt-BR","@id":"https:\/\/press.ciriontechnologies.com\/pt-br\/#\/schema\/logo\/image\/","url":"https:\/\/press.ciriontechnologies.com\/wp-content\/uploads\/2024\/07\/Cirion_logo_696x696.jpg","contentUrl":"https:\/\/press.ciriontechnologies.com\/wp-content\/uploads\/2024\/07\/Cirion_logo_696x696.jpg","width":696,"height":696,"caption":"Cirion Technologies"},"image":{"@id":"https:\/\/press.ciriontechnologies.com\/pt-br\/#\/schema\/logo\/image\/"}},{"@type":"Person","@id":"https:\/\/press.ciriontechnologies.com\/pt-br\/#\/schema\/person\/1ef68ff1dcb10c4bce33a5754c91c61d","name":"Lucas Bettera","image":{"@type":"ImageObject","inLanguage":"pt-BR","@id":"https:\/\/secure.gravatar.com\/avatar\/5e6a983aa53fb7c1d0a9790dd2415c77208c8460e5079361d05346b6f92345a0?s=96&d=mm&r=g","url":"https:\/\/secure.gravatar.com\/avatar\/5e6a983aa53fb7c1d0a9790dd2415c77208c8460e5079361d05346b6f92345a0?s=96&d=mm&r=g","contentUrl":"https:\/\/secure.gravatar.com\/avatar\/5e6a983aa53fb7c1d0a9790dd2415c77208c8460e5079361d05346b6f92345a0?s=96&d=mm&r=g","caption":"Lucas Bettera"}}]}},"_links":{"self":[{"href":"https:\/\/press.ciriontechnologies.com\/pt-br\/wp-json\/wp\/v2\/posts\/1572","targetHints":{"allow":["GET"]}}],"collection":[{"href":"https:\/\/press.ciriontechnologies.com\/pt-br\/wp-json\/wp\/v2\/posts"}],"about":[{"href":"https:\/\/press.ciriontechnologies.com\/pt-br\/wp-json\/wp\/v2\/types\/post"}],"author":[{"embeddable":true,"href":"https:\/\/press.ciriontechnologies.com\/pt-br\/wp-json\/wp\/v2\/users\/8"}],"replies":[{"embeddable":true,"href":"https:\/\/press.ciriontechnologies.com\/pt-br\/wp-json\/wp\/v2\/comments?post=1572"}],"version-history":[{"count":0,"href":"https:\/\/press.ciriontechnologies.com\/pt-br\/wp-json\/wp\/v2\/posts\/1572\/revisions"}],"wp:featuredmedia":[{"embeddable":true,"href":"https:\/\/press.ciriontechnologies.com\/pt-br\/wp-json\/wp\/v2\/media\/1574"}],"wp:attachment":[{"href":"https:\/\/press.ciriontechnologies.com\/pt-br\/wp-json\/wp\/v2\/media?parent=1572"}],"wp:term":[{"taxonomy":"category","embeddable":true,"href":"https:\/\/press.ciriontechnologies.com\/pt-br\/wp-json\/wp\/v2\/categories?post=1572"},{"taxonomy":"post_tag","embeddable":true,"href":"https:\/\/press.ciriontechnologies.com\/pt-br\/wp-json\/wp\/v2\/tags?post=1572"},{"taxonomy":"idioma_entrada","embeddable":true,"href":"https:\/\/press.ciriontechnologies.com\/pt-br\/wp-json\/wp\/v2\/idioma_entrada?post=1572"},{"taxonomy":"anio_publicacion_entrada","embeddable":true,"href":"https:\/\/press.ciriontechnologies.com\/pt-br\/wp-json\/wp\/v2\/anio_publicacion_entrada?post=1572"}],"curies":[{"name":"wp","href":"https:\/\/api.w.org\/{rel}","templated":true}]}}